{"id":10060,"date":"2022-05-26T20:55:44","date_gmt":"2022-05-27T03:55:44","guid":{"rendered":"https:\/\/intercer.net\/blogs\/poeziisieditoriale\/?p=10060"},"modified":"2022-05-26T20:55:44","modified_gmt":"2022-05-27T03:55:44","slug":"eu-vin-sa-spun-2","status":"publish","type":"post","link":"https:\/\/intercer.net\/blogs\/poeziisieditoriale\/generale\/eu-vin-sa-spun-2.html","title":{"rendered":"Eu vin&#8230; s\u0103 spun"},"content":{"rendered":"<p><a href=\"https:\/\/intercer.net\/blogs\/poeziisieditoriale\/files\/2022\/05\/1653623438413.jpg\"><img loading=\"lazy\" decoding=\"async\" class=\"alignnone size-medium wp-image-10061\" src=\"https:\/\/intercer.net\/blogs\/poeziisieditoriale\/files\/2022\/05\/1653623438413-169x300.jpg\" alt=\"\" width=\"169\" height=\"300\" srcset=\"https:\/\/intercer.net\/blogs\/poeziisieditoriale\/files\/2022\/05\/1653623438413-169x300.jpg 169w, https:\/\/intercer.net\/blogs\/poeziisieditoriale\/files\/2022\/05\/1653623438413-577x1024.jpg 577w, https:\/\/intercer.net\/blogs\/poeziisieditoriale\/files\/2022\/05\/1653623438413-768x1364.jpg 768w, https:\/\/intercer.net\/blogs\/poeziisieditoriale\/files\/2022\/05\/1653623438413-865x1536.jpg 865w, https:\/\/intercer.net\/blogs\/poeziisieditoriale\/files\/2022\/05\/1653623438413.jpg 1080w\" sizes=\"auto, (max-width: 169px) 100vw, 169px\" \/><\/a>EU VIN&#8230; S\u0102 SPUN<br \/>\nDoamne, ajut\u0103-m\u0103 s\u0103 vin la Tine<br \/>\nC\u0103ci ai murit Tu, pentru mine,<br \/>\nA\u0219a cum sunt, eu vreau s\u0103 vin<br \/>\n\u0218i-n fa\u021ba Ta s\u0103 m\u0103 \u00eenclin,<br \/>\nA\u0219a cum sunt, Tu m\u0103 prime\u0219ti,<br \/>\nDe rele Tu m\u0103 cur\u0103\u021be\u0219ti,<br \/>\nCum pot eu s\u0103 \u00ee\u021bi mul\u021bumesc?<br \/>\nDec\u00e2t mereu s\u0103 te sl\u0103vesc<br \/>\n\u0218i-n jur la to\u021bi s\u0103 povestesc<br \/>\nDe jertfa ce m-a m\u00e2ntuit,<br \/>\nDe harul ce eu l-am primit.<br \/>\nEmilia Dinescu<\/p>\n","protected":false},"excerpt":{"rendered":"<p>EU VIN&#8230; S\u0102 SPUN Doamne, ajut\u0103-m\u0103 s\u0103 vin la Tine C\u0103ci ai murit Tu, pentru mine, A\u0219a cum sunt, eu vreau s\u0103 vin \u0218i-n fa\u021ba Ta s\u0103 m\u0103 \u00eenclin, A\u0219a cum sunt, Tu m\u0103 prime\u0219ti, De rele Tu m\u0103 cur\u0103\u021be\u0219ti, Cum pot eu s\u0103 \u00ee\u021bi mul\u021bumesc? Dec\u00e2t mereu s\u0103 te sl\u0103vesc \u0218i-n jur la to\u021bi [&hellip;]<\/p>\n","protected":false},"author":47,"featured_media":0,"comment_status":"open","ping_status":"closed","sticky":false,"template":"","format":"standard","meta":{"_monsterinsights_skip_tracking":false,"_monsterinsights_sitenote_active":false,"_monsterinsights_sitenote_note":"","_monsterinsights_sitenote_category":0,"footnotes":""},"categories":[134],"tags":[],"class_list":["post-10060","post","type-post","status-publish","format-standard","hentry","category-generale"],"_links":{"self":[{"href":"https:\/\/intercer.net\/blogs\/poeziisieditoriale\/wp-json\/wp\/v2\/posts\/10060","targetHints":{"allow":["GET"]}}],"collection":[{"href":"https:\/\/intercer.net\/blogs\/poeziisieditoriale\/wp-json\/wp\/v2\/posts"}],"about":[{"href":"https:\/\/intercer.net\/blogs\/poeziisieditoriale\/wp-json\/wp\/v2\/types\/post"}],"author":[{"embeddable":true,"href":"https:\/\/intercer.net\/blogs\/poeziisieditoriale\/wp-json\/wp\/v2\/users\/47"}],"replies":[{"embeddable":true,"href":"https:\/\/intercer.net\/blogs\/poeziisieditoriale\/wp-json\/wp\/v2\/comments?post=10060"}],"version-history":[{"count":1,"href":"https:\/\/intercer.net\/blogs\/poeziisieditoriale\/wp-json\/wp\/v2\/posts\/10060\/revisions"}],"predecessor-version":[{"id":10062,"href":"https:\/\/intercer.net\/blogs\/poeziisieditoriale\/wp-json\/wp\/v2\/posts\/10060\/revisions\/10062"}],"wp:attachment":[{"href":"https:\/\/intercer.net\/blogs\/poeziisieditoriale\/wp-json\/wp\/v2\/media?parent=10060"}],"wp:term":[{"taxonomy":"category","embeddable":true,"href":"https:\/\/intercer.net\/blogs\/poeziisieditoriale\/wp-json\/wp\/v2\/categories?post=10060"},{"taxonomy":"post_tag","embeddable":true,"href":"https:\/\/intercer.net\/blogs\/poeziisieditoriale\/wp-json\/wp\/v2\/tags?post=10060"}],"curies":[{"name":"wp","href":"https:\/\/api.w.org\/{rel}","templated":true}]}}