{"id":10122,"date":"2022-06-06T20:33:10","date_gmt":"2022-06-07T03:33:10","guid":{"rendered":"https:\/\/intercer.net\/blogs\/poeziisieditoriale\/?p=10122"},"modified":"2022-06-06T20:33:10","modified_gmt":"2022-06-07T03:33:10","slug":"rugaciunea-fariseului-2","status":"publish","type":"post","link":"https:\/\/intercer.net\/blogs\/poeziisieditoriale\/generale\/rugaciunea-fariseului-2.html","title":{"rendered":"Rug\u0103ciunea fariseului"},"content":{"rendered":"<p><a href=\"https:\/\/intercer.net\/blogs\/poeziisieditoriale\/files\/2022\/06\/1654572706041.jpg\"><img loading=\"lazy\" decoding=\"async\" class=\"alignnone size-medium wp-image-10123\" src=\"https:\/\/intercer.net\/blogs\/poeziisieditoriale\/files\/2022\/06\/1654572706041-200x300.jpg\" alt=\"\" width=\"200\" height=\"300\" srcset=\"https:\/\/intercer.net\/blogs\/poeziisieditoriale\/files\/2022\/06\/1654572706041-200x300.jpg 200w, https:\/\/intercer.net\/blogs\/poeziisieditoriale\/files\/2022\/06\/1654572706041-683x1024.jpg 683w, https:\/\/intercer.net\/blogs\/poeziisieditoriale\/files\/2022\/06\/1654572706041-768x1152.jpg 768w, https:\/\/intercer.net\/blogs\/poeziisieditoriale\/files\/2022\/06\/1654572706041-1024x1536.jpg 1024w, https:\/\/intercer.net\/blogs\/poeziisieditoriale\/files\/2022\/06\/1654572706041.jpg 1080w\" sizes=\"auto, (max-width: 200px) 100vw, 200px\" \/><\/a>RUG\u0102CIUNEA FARISEULUI<br \/>\nNu \u00een\u021beleg \u0219i nu se poate,<br \/>\nS\u0103 \u00een\u021beleg ce eu nu vreau,<br \/>\nS\u0103 accept, mi-e peste poate<br \/>\nC\u0103 prea prost, acum eu stau.<br \/>\nM\u0103 \u00eendrept\u0103\u021besc pe mine,<br \/>\nCu nimic eu n-am gre\u0219it<br \/>\n\u0218i ezit s\u0103 vin la Tine,<br \/>\nVrei s\u0103 vin \u0219i poc\u0103it?!<br \/>\nPentru ce, c\u0103 n-am p\u0103cate,<br \/>\nPe nimeni n-am omor\u00e2t,<br \/>\nAm fost mereu pe dreptate<br \/>\nChiar de n-am fost chiar un sf\u00e2nt,<br \/>\nNu am f\u0103cut r\u0103u la nimeni,<br \/>\nPe nimeni nu am jignit,<br \/>\nEu m\u0103 v\u0103d c\u0103-s bine, Doamne,<br \/>\nSpune-mi Tu, de am gre\u0219it.<br \/>\nC\u0103ci Tu vrei o poc\u0103in\u021b\u0103<br \/>\nDoar de la cel ce a gre\u0219it,<br \/>\nPot spune cu u\u0219urin\u021b\u0103,<br \/>\nEu doar bine am \u00eemplinit.<br \/>\nEmilia Dinescu<\/p>\n","protected":false},"excerpt":{"rendered":"<p>RUG\u0102CIUNEA FARISEULUI Nu \u00een\u021beleg \u0219i nu se poate, S\u0103 \u00een\u021beleg ce eu nu vreau, S\u0103 accept, mi-e peste poate C\u0103 prea prost, acum eu stau. M\u0103 \u00eendrept\u0103\u021besc pe mine, Cu nimic eu n-am gre\u0219it \u0218i ezit s\u0103 vin la Tine, Vrei s\u0103 vin \u0219i poc\u0103it?! Pentru ce, c\u0103 n-am p\u0103cate, Pe nimeni n-am omor\u00e2t, Am [&hellip;]<\/p>\n","protected":false},"author":47,"featured_media":0,"comment_status":"open","ping_status":"closed","sticky":false,"template":"","format":"standard","meta":{"_monsterinsights_skip_tracking":false,"_monsterinsights_sitenote_active":false,"_monsterinsights_sitenote_note":"","_monsterinsights_sitenote_category":0,"footnotes":""},"categories":[134],"tags":[],"class_list":["post-10122","post","type-post","status-publish","format-standard","hentry","category-generale"],"_links":{"self":[{"href":"https:\/\/intercer.net\/blogs\/poeziisieditoriale\/wp-json\/wp\/v2\/posts\/10122","targetHints":{"allow":["GET"]}}],"collection":[{"href":"https:\/\/intercer.net\/blogs\/poeziisieditoriale\/wp-json\/wp\/v2\/posts"}],"about":[{"href":"https:\/\/intercer.net\/blogs\/poeziisieditoriale\/wp-json\/wp\/v2\/types\/post"}],"author":[{"embeddable":true,"href":"https:\/\/intercer.net\/blogs\/poeziisieditoriale\/wp-json\/wp\/v2\/users\/47"}],"replies":[{"embeddable":true,"href":"https:\/\/intercer.net\/blogs\/poeziisieditoriale\/wp-json\/wp\/v2\/comments?post=10122"}],"version-history":[{"count":1,"href":"https:\/\/intercer.net\/blogs\/poeziisieditoriale\/wp-json\/wp\/v2\/posts\/10122\/revisions"}],"predecessor-version":[{"id":10124,"href":"https:\/\/intercer.net\/blogs\/poeziisieditoriale\/wp-json\/wp\/v2\/posts\/10122\/revisions\/10124"}],"wp:attachment":[{"href":"https:\/\/intercer.net\/blogs\/poeziisieditoriale\/wp-json\/wp\/v2\/media?parent=10122"}],"wp:term":[{"taxonomy":"category","embeddable":true,"href":"https:\/\/intercer.net\/blogs\/poeziisieditoriale\/wp-json\/wp\/v2\/categories?post=10122"},{"taxonomy":"post_tag","embeddable":true,"href":"https:\/\/intercer.net\/blogs\/poeziisieditoriale\/wp-json\/wp\/v2\/tags?post=10122"}],"curies":[{"name":"wp","href":"https:\/\/api.w.org\/{rel}","templated":true}]}}