{"id":10129,"date":"2022-06-07T06:36:29","date_gmt":"2022-06-07T13:36:29","guid":{"rendered":"https:\/\/intercer.net\/blogs\/poeziisieditoriale\/?p=10129"},"modified":"2022-06-07T06:36:29","modified_gmt":"2022-06-07T13:36:29","slug":"visatorul","status":"publish","type":"post","link":"https:\/\/intercer.net\/blogs\/poeziisieditoriale\/generale\/visatorul.html","title":{"rendered":"Vis\u0103torul"},"content":{"rendered":"<p>Nici ur\u0103, nici cruzime<br \/>\nnu pot ucide visul,<br \/>\nTriste\u021be sau sclavie<br \/>\nnu-l pot \u00eempiedica.<\/p>\n<p>Minciun\u0103, nedreptate<br \/>\nsub gratii nu pot \u021bine<br \/>\nCredin\u021b\u0103 \u0219i iubire<br \/>\nsau str\u0103luciri de stea.<\/p>\n<p>Ce binecuv\u00e2ntare<br \/>\npurta mereu cu sine,<br \/>\nC\u0103ci \u00eenso\u021bit oriunde<br \/>\nde Domnul el era!<\/p>\n<p>Din temni\u021b\u0103 &#8211; ministru,<br \/>\nprea singur &#8211; cu familia<br \/>\ndin Canaan venit\u0103<br \/>\nla el spre-a se salva.<\/p>\n<p>Pe Dumnezeu din ceruri<br \/>\nIosif mult onoreaz\u0103.<br \/>\nStatornica virtute<br \/>\nprintre eroi l-a\u0219az\u0103&#8230;<\/p>\n<p>     Floare de col\u021b<br \/>\n     Aviva Aurelia Evghenie<\/p>\n","protected":false},"excerpt":{"rendered":"<p>Nici ur\u0103, nici cruzime nu pot ucide visul, Triste\u021be sau sclavie nu-l pot \u00eempiedica. Minciun\u0103, nedreptate sub gratii nu pot \u021bine Credin\u021b\u0103 \u0219i iubire sau str\u0103luciri de stea. Ce binecuv\u00e2ntare purta mereu cu sine, C\u0103ci \u00eenso\u021bit oriunde de Domnul el era! Din temni\u021b\u0103 &#8211; ministru, prea singur &#8211; cu familia din Canaan venit\u0103 la el [&hellip;]<\/p>\n","protected":false},"author":44,"featured_media":0,"comment_status":"open","ping_status":"closed","sticky":false,"template":"","format":"standard","meta":{"_monsterinsights_skip_tracking":false,"_monsterinsights_sitenote_active":false,"_monsterinsights_sitenote_note":"","_monsterinsights_sitenote_category":0,"footnotes":""},"categories":[134],"tags":[],"class_list":["post-10129","post","type-post","status-publish","format-standard","hentry","category-generale"],"_links":{"self":[{"href":"https:\/\/intercer.net\/blogs\/poeziisieditoriale\/wp-json\/wp\/v2\/posts\/10129","targetHints":{"allow":["GET"]}}],"collection":[{"href":"https:\/\/intercer.net\/blogs\/poeziisieditoriale\/wp-json\/wp\/v2\/posts"}],"about":[{"href":"https:\/\/intercer.net\/blogs\/poeziisieditoriale\/wp-json\/wp\/v2\/types\/post"}],"author":[{"embeddable":true,"href":"https:\/\/intercer.net\/blogs\/poeziisieditoriale\/wp-json\/wp\/v2\/users\/44"}],"replies":[{"embeddable":true,"href":"https:\/\/intercer.net\/blogs\/poeziisieditoriale\/wp-json\/wp\/v2\/comments?post=10129"}],"version-history":[{"count":1,"href":"https:\/\/intercer.net\/blogs\/poeziisieditoriale\/wp-json\/wp\/v2\/posts\/10129\/revisions"}],"predecessor-version":[{"id":10130,"href":"https:\/\/intercer.net\/blogs\/poeziisieditoriale\/wp-json\/wp\/v2\/posts\/10129\/revisions\/10130"}],"wp:attachment":[{"href":"https:\/\/intercer.net\/blogs\/poeziisieditoriale\/wp-json\/wp\/v2\/media?parent=10129"}],"wp:term":[{"taxonomy":"category","embeddable":true,"href":"https:\/\/intercer.net\/blogs\/poeziisieditoriale\/wp-json\/wp\/v2\/categories?post=10129"},{"taxonomy":"post_tag","embeddable":true,"href":"https:\/\/intercer.net\/blogs\/poeziisieditoriale\/wp-json\/wp\/v2\/tags?post=10129"}],"curies":[{"name":"wp","href":"https:\/\/api.w.org\/{rel}","templated":true}]}}