{"id":10152,"date":"2022-06-08T11:50:19","date_gmt":"2022-06-08T18:50:19","guid":{"rendered":"https:\/\/intercer.net\/blogs\/poeziisieditoriale\/?p=10152"},"modified":"2022-06-08T11:50:19","modified_gmt":"2022-06-08T18:50:19","slug":"ne-razvratim-2","status":"publish","type":"post","link":"https:\/\/intercer.net\/blogs\/poeziisieditoriale\/generale\/ne-razvratim-2.html","title":{"rendered":"Ne r\u0103zvr\u0103tim"},"content":{"rendered":"<p><a href=\"https:\/\/intercer.net\/blogs\/poeziisieditoriale\/files\/2022\/06\/1654714099221.jpg\"><img loading=\"lazy\" decoding=\"async\" class=\"alignnone size-medium wp-image-10153\" src=\"https:\/\/intercer.net\/blogs\/poeziisieditoriale\/files\/2022\/06\/1654714099221-200x300.jpg\" alt=\"\" width=\"200\" height=\"300\" srcset=\"https:\/\/intercer.net\/blogs\/poeziisieditoriale\/files\/2022\/06\/1654714099221-200x300.jpg 200w, https:\/\/intercer.net\/blogs\/poeziisieditoriale\/files\/2022\/06\/1654714099221-683x1024.jpg 683w, https:\/\/intercer.net\/blogs\/poeziisieditoriale\/files\/2022\/06\/1654714099221-768x1152.jpg 768w, https:\/\/intercer.net\/blogs\/poeziisieditoriale\/files\/2022\/06\/1654714099221-1024x1536.jpg 1024w, https:\/\/intercer.net\/blogs\/poeziisieditoriale\/files\/2022\/06\/1654714099221.jpg 1080w\" sizes=\"auto, (max-width: 200px) 100vw, 200px\" \/><\/a>NE R\u0102ZVR\u0102TIM<br \/>\nNe r\u0103zvr\u0103tim<br \/>\n\u0218i nu voim,<br \/>\nS\u0103 ascult\u0103m,<br \/>\nS\u0103 ne \u00eendrept\u0103m.<br \/>\nE \u00een\u021belept<br \/>\nS\u0103 mergem drept,<br \/>\nDar drumul str\u00e2mb<br \/>\n\u0218i un pic cotit<br \/>\nE mai u\u0219or,<br \/>\nNu-i de ferit<br \/>\nCi drept pe el<br \/>\nMergem senin,<br \/>\nNe r\u0103zvr\u0103tim,<br \/>\nP\u0103c\u0103tuim.<br \/>\nEmilia Dinescu<\/p>\n","protected":false},"excerpt":{"rendered":"<p>NE R\u0102ZVR\u0102TIM Ne r\u0103zvr\u0103tim \u0218i nu voim, S\u0103 ascult\u0103m, S\u0103 ne \u00eendrept\u0103m. E \u00een\u021belept S\u0103 mergem drept, Dar drumul str\u00e2mb \u0218i un pic cotit E mai u\u0219or, Nu-i de ferit Ci drept pe el Mergem senin, Ne r\u0103zvr\u0103tim, P\u0103c\u0103tuim. Emilia Dinescu<\/p>\n","protected":false},"author":47,"featured_media":0,"comment_status":"open","ping_status":"closed","sticky":false,"template":"","format":"standard","meta":{"_monsterinsights_skip_tracking":false,"_monsterinsights_sitenote_active":false,"_monsterinsights_sitenote_note":"","_monsterinsights_sitenote_category":0,"footnotes":""},"categories":[134],"tags":[],"class_list":["post-10152","post","type-post","status-publish","format-standard","hentry","category-generale"],"_links":{"self":[{"href":"https:\/\/intercer.net\/blogs\/poeziisieditoriale\/wp-json\/wp\/v2\/posts\/10152","targetHints":{"allow":["GET"]}}],"collection":[{"href":"https:\/\/intercer.net\/blogs\/poeziisieditoriale\/wp-json\/wp\/v2\/posts"}],"about":[{"href":"https:\/\/intercer.net\/blogs\/poeziisieditoriale\/wp-json\/wp\/v2\/types\/post"}],"author":[{"embeddable":true,"href":"https:\/\/intercer.net\/blogs\/poeziisieditoriale\/wp-json\/wp\/v2\/users\/47"}],"replies":[{"embeddable":true,"href":"https:\/\/intercer.net\/blogs\/poeziisieditoriale\/wp-json\/wp\/v2\/comments?post=10152"}],"version-history":[{"count":1,"href":"https:\/\/intercer.net\/blogs\/poeziisieditoriale\/wp-json\/wp\/v2\/posts\/10152\/revisions"}],"predecessor-version":[{"id":10154,"href":"https:\/\/intercer.net\/blogs\/poeziisieditoriale\/wp-json\/wp\/v2\/posts\/10152\/revisions\/10154"}],"wp:attachment":[{"href":"https:\/\/intercer.net\/blogs\/poeziisieditoriale\/wp-json\/wp\/v2\/media?parent=10152"}],"wp:term":[{"taxonomy":"category","embeddable":true,"href":"https:\/\/intercer.net\/blogs\/poeziisieditoriale\/wp-json\/wp\/v2\/categories?post=10152"},{"taxonomy":"post_tag","embeddable":true,"href":"https:\/\/intercer.net\/blogs\/poeziisieditoriale\/wp-json\/wp\/v2\/tags?post=10152"}],"curies":[{"name":"wp","href":"https:\/\/api.w.org\/{rel}","templated":true}]}}