{"id":10155,"date":"2022-06-09T20:28:39","date_gmt":"2022-06-10T03:28:39","guid":{"rendered":"https:\/\/intercer.net\/blogs\/poeziisieditoriale\/?p=10155"},"modified":"2022-06-09T20:28:39","modified_gmt":"2022-06-10T03:28:39","slug":"cautam-cautand-2","status":"publish","type":"post","link":"https:\/\/intercer.net\/blogs\/poeziisieditoriale\/generale\/cautam-cautand-2.html","title":{"rendered":"C\u0103ut\u0103m&#8230; c\u0103ut\u00e2nd"},"content":{"rendered":"<p><a href=\"https:\/\/intercer.net\/blogs\/poeziisieditoriale\/files\/2022\/06\/1654831608847.jpg\"><img loading=\"lazy\" decoding=\"async\" class=\"alignnone size-medium wp-image-10156\" src=\"https:\/\/intercer.net\/blogs\/poeziisieditoriale\/files\/2022\/06\/1654831608847-169x300.jpg\" alt=\"\" width=\"169\" height=\"300\" srcset=\"https:\/\/intercer.net\/blogs\/poeziisieditoriale\/files\/2022\/06\/1654831608847-169x300.jpg 169w, https:\/\/intercer.net\/blogs\/poeziisieditoriale\/files\/2022\/06\/1654831608847-576x1024.jpg 576w, https:\/\/intercer.net\/blogs\/poeziisieditoriale\/files\/2022\/06\/1654831608847-768x1365.jpg 768w, https:\/\/intercer.net\/blogs\/poeziisieditoriale\/files\/2022\/06\/1654831608847-864x1536.jpg 864w, https:\/\/intercer.net\/blogs\/poeziisieditoriale\/files\/2022\/06\/1654831608847.jpg 1080w\" sizes=\"auto, (max-width: 169px) 100vw, 169px\" \/><\/a>C\u0102UT\u0102M&#8230; C\u0102UT\u00c2ND<br \/>\nC\u0103ut\u0103m \u00een mocirl\u0103,<br \/>\nC\u0103ut\u0103m \u00een gunoi,<br \/>\nC\u0103ut\u0103m tot zadarnic,<br \/>\nC\u0103ut\u0103m \u0219i apoi,<br \/>\nC\u0103ut\u00e2nd, r\u0103t\u0103cim,<br \/>\nC\u0103ut\u00e2nd, nu z\u0103rim<br \/>\nC-am trecut, c\u0103ut\u00e2nd<br \/>\n\u0218i am g\u0103sit&#8230; ce am g\u0103sit,<br \/>\nDar nu e nimic de pre\u021b,<br \/>\nC\u0103ut\u00e2nd ne-am pierdut,<br \/>\nC\u0103ut\u0103m, s\u0103 g\u0103sim,<br \/>\nDar nu \u0219tim&#8230; ce dorim.<br \/>\nEmilia Dinescu<\/p>\n","protected":false},"excerpt":{"rendered":"<p>C\u0102UT\u0102M&#8230; C\u0102UT\u00c2ND C\u0103ut\u0103m \u00een mocirl\u0103, C\u0103ut\u0103m \u00een gunoi, C\u0103ut\u0103m tot zadarnic, C\u0103ut\u0103m \u0219i apoi, C\u0103ut\u00e2nd, r\u0103t\u0103cim, C\u0103ut\u00e2nd, nu z\u0103rim C-am trecut, c\u0103ut\u00e2nd \u0218i am g\u0103sit&#8230; ce am g\u0103sit, Dar nu e nimic de pre\u021b, C\u0103ut\u00e2nd ne-am pierdut, C\u0103ut\u0103m, s\u0103 g\u0103sim, Dar nu \u0219tim&#8230; ce dorim. Emilia Dinescu<\/p>\n","protected":false},"author":47,"featured_media":0,"comment_status":"open","ping_status":"closed","sticky":false,"template":"","format":"standard","meta":{"_monsterinsights_skip_tracking":false,"_monsterinsights_sitenote_active":false,"_monsterinsights_sitenote_note":"","_monsterinsights_sitenote_category":0,"footnotes":""},"categories":[134],"tags":[],"class_list":["post-10155","post","type-post","status-publish","format-standard","hentry","category-generale"],"_links":{"self":[{"href":"https:\/\/intercer.net\/blogs\/poeziisieditoriale\/wp-json\/wp\/v2\/posts\/10155","targetHints":{"allow":["GET"]}}],"collection":[{"href":"https:\/\/intercer.net\/blogs\/poeziisieditoriale\/wp-json\/wp\/v2\/posts"}],"about":[{"href":"https:\/\/intercer.net\/blogs\/poeziisieditoriale\/wp-json\/wp\/v2\/types\/post"}],"author":[{"embeddable":true,"href":"https:\/\/intercer.net\/blogs\/poeziisieditoriale\/wp-json\/wp\/v2\/users\/47"}],"replies":[{"embeddable":true,"href":"https:\/\/intercer.net\/blogs\/poeziisieditoriale\/wp-json\/wp\/v2\/comments?post=10155"}],"version-history":[{"count":1,"href":"https:\/\/intercer.net\/blogs\/poeziisieditoriale\/wp-json\/wp\/v2\/posts\/10155\/revisions"}],"predecessor-version":[{"id":10157,"href":"https:\/\/intercer.net\/blogs\/poeziisieditoriale\/wp-json\/wp\/v2\/posts\/10155\/revisions\/10157"}],"wp:attachment":[{"href":"https:\/\/intercer.net\/blogs\/poeziisieditoriale\/wp-json\/wp\/v2\/media?parent=10155"}],"wp:term":[{"taxonomy":"category","embeddable":true,"href":"https:\/\/intercer.net\/blogs\/poeziisieditoriale\/wp-json\/wp\/v2\/categories?post=10155"},{"taxonomy":"post_tag","embeddable":true,"href":"https:\/\/intercer.net\/blogs\/poeziisieditoriale\/wp-json\/wp\/v2\/tags?post=10155"}],"curies":[{"name":"wp","href":"https:\/\/api.w.org\/{rel}","templated":true}]}}