{"id":10182,"date":"2022-06-13T22:48:25","date_gmt":"2022-06-14T05:48:25","guid":{"rendered":"https:\/\/intercer.net\/blogs\/poeziisieditoriale\/?p=10182"},"modified":"2022-06-13T22:48:25","modified_gmt":"2022-06-14T05:48:25","slug":"sa-ne-rugam-3","status":"publish","type":"post","link":"https:\/\/intercer.net\/blogs\/poeziisieditoriale\/generale\/sa-ne-rugam-3.html","title":{"rendered":"Sa ne rug\u0103m"},"content":{"rendered":"<p><a href=\"https:\/\/intercer.net\/blogs\/poeziisieditoriale\/files\/2022\/06\/1655185539592.jpg\"><img loading=\"lazy\" decoding=\"async\" class=\"alignnone size-medium wp-image-10183\" src=\"https:\/\/intercer.net\/blogs\/poeziisieditoriale\/files\/2022\/06\/1655185539592-200x300.jpg\" alt=\"\" width=\"200\" height=\"300\" srcset=\"https:\/\/intercer.net\/blogs\/poeziisieditoriale\/files\/2022\/06\/1655185539592-200x300.jpg 200w, https:\/\/intercer.net\/blogs\/poeziisieditoriale\/files\/2022\/06\/1655185539592-683x1024.jpg 683w, https:\/\/intercer.net\/blogs\/poeziisieditoriale\/files\/2022\/06\/1655185539592-768x1152.jpg 768w, https:\/\/intercer.net\/blogs\/poeziisieditoriale\/files\/2022\/06\/1655185539592-1024x1536.jpg 1024w, https:\/\/intercer.net\/blogs\/poeziisieditoriale\/files\/2022\/06\/1655185539592.jpg 1080w\" sizes=\"auto, (max-width: 200px) 100vw, 200px\" \/><\/a>\u00a0S\u0102 NE RUG\u0102M<br \/>\nS\u0103 ne rug\u0103m cu lacrimi fierbin\u021bi,<br \/>\nS\u0103 ne rug\u0103m c\u0103ci nu suntem sfin\u021bi,<br \/>\nS\u0103 ne rug\u0103m c\u0103ci doar jertfa Ta<br \/>\nNe poate da-n dar m\u00e2ntuirea.<\/p>\n<p>S\u0103 ne rug\u0103m \u0219i s\u0103 postim,<br \/>\nS\u0103 ne rug\u0103m ca s\u0103 ne poc\u0103im,<br \/>\nS\u0103 ne rug\u0103m pentru credin\u021b\u0103<br \/>\n\u0218i a noastre fapte \u0219i umilin\u021b\u0103.<br \/>\nEmilia Dinescu<\/p>\n","protected":false},"excerpt":{"rendered":"<p>\u00a0S\u0102 NE RUG\u0102M S\u0103 ne rug\u0103m cu lacrimi fierbin\u021bi, S\u0103 ne rug\u0103m c\u0103ci nu suntem sfin\u021bi, S\u0103 ne rug\u0103m c\u0103ci doar jertfa Ta Ne poate da-n dar m\u00e2ntuirea. S\u0103 ne rug\u0103m \u0219i s\u0103 postim, S\u0103 ne rug\u0103m ca s\u0103 ne poc\u0103im, S\u0103 ne rug\u0103m pentru credin\u021b\u0103 \u0218i a noastre fapte \u0219i umilin\u021b\u0103. Emilia Dinescu<\/p>\n","protected":false},"author":47,"featured_media":0,"comment_status":"open","ping_status":"closed","sticky":false,"template":"","format":"standard","meta":{"_monsterinsights_skip_tracking":false,"_monsterinsights_sitenote_active":false,"_monsterinsights_sitenote_note":"","_monsterinsights_sitenote_category":0,"footnotes":""},"categories":[134],"tags":[],"class_list":["post-10182","post","type-post","status-publish","format-standard","hentry","category-generale"],"_links":{"self":[{"href":"https:\/\/intercer.net\/blogs\/poeziisieditoriale\/wp-json\/wp\/v2\/posts\/10182","targetHints":{"allow":["GET"]}}],"collection":[{"href":"https:\/\/intercer.net\/blogs\/poeziisieditoriale\/wp-json\/wp\/v2\/posts"}],"about":[{"href":"https:\/\/intercer.net\/blogs\/poeziisieditoriale\/wp-json\/wp\/v2\/types\/post"}],"author":[{"embeddable":true,"href":"https:\/\/intercer.net\/blogs\/poeziisieditoriale\/wp-json\/wp\/v2\/users\/47"}],"replies":[{"embeddable":true,"href":"https:\/\/intercer.net\/blogs\/poeziisieditoriale\/wp-json\/wp\/v2\/comments?post=10182"}],"version-history":[{"count":1,"href":"https:\/\/intercer.net\/blogs\/poeziisieditoriale\/wp-json\/wp\/v2\/posts\/10182\/revisions"}],"predecessor-version":[{"id":10184,"href":"https:\/\/intercer.net\/blogs\/poeziisieditoriale\/wp-json\/wp\/v2\/posts\/10182\/revisions\/10184"}],"wp:attachment":[{"href":"https:\/\/intercer.net\/blogs\/poeziisieditoriale\/wp-json\/wp\/v2\/media?parent=10182"}],"wp:term":[{"taxonomy":"category","embeddable":true,"href":"https:\/\/intercer.net\/blogs\/poeziisieditoriale\/wp-json\/wp\/v2\/categories?post=10182"},{"taxonomy":"post_tag","embeddable":true,"href":"https:\/\/intercer.net\/blogs\/poeziisieditoriale\/wp-json\/wp\/v2\/tags?post=10182"}],"curies":[{"name":"wp","href":"https:\/\/api.w.org\/{rel}","templated":true}]}}