{"id":10185,"date":"2022-06-13T23:29:22","date_gmt":"2022-06-14T06:29:22","guid":{"rendered":"https:\/\/intercer.net\/blogs\/poeziisieditoriale\/?p=10185"},"modified":"2022-06-13T23:29:22","modified_gmt":"2022-06-14T06:29:22","slug":"eu-l-am-ucis-2","status":"publish","type":"post","link":"https:\/\/intercer.net\/blogs\/poeziisieditoriale\/generale\/eu-l-am-ucis-2.html","title":{"rendered":"Eu l-am ucis"},"content":{"rendered":"<p><a href=\"https:\/\/intercer.net\/blogs\/poeziisieditoriale\/files\/2022\/06\/1655187997739.jpg\"><img loading=\"lazy\" decoding=\"async\" class=\"alignnone size-medium wp-image-10186\" src=\"https:\/\/intercer.net\/blogs\/poeziisieditoriale\/files\/2022\/06\/1655187997739-200x300.jpg\" alt=\"\" width=\"200\" height=\"300\" srcset=\"https:\/\/intercer.net\/blogs\/poeziisieditoriale\/files\/2022\/06\/1655187997739-200x300.jpg 200w, https:\/\/intercer.net\/blogs\/poeziisieditoriale\/files\/2022\/06\/1655187997739-683x1024.jpg 683w, https:\/\/intercer.net\/blogs\/poeziisieditoriale\/files\/2022\/06\/1655187997739-768x1152.jpg 768w, https:\/\/intercer.net\/blogs\/poeziisieditoriale\/files\/2022\/06\/1655187997739-1024x1536.jpg 1024w, https:\/\/intercer.net\/blogs\/poeziisieditoriale\/files\/2022\/06\/1655187997739.jpg 1080w\" sizes=\"auto, (max-width: 200px) 100vw, 200px\" \/><\/a>\u00a0EU L-AM UCIS<br \/>\nL-am r\u0103stignit,<br \/>\nCrucificat,<br \/>\nL-am biciuit<br \/>\n\u0218i l-am scuipat<br \/>\nCu al meu p\u0103cat.<br \/>\n\u0218i coasta,<br \/>\nTot eu i-am str\u0103puns,<br \/>\nCu al meu p\u0103cat<br \/>\nEu l-am \u00eempuns,<br \/>\nCoroana cea de m\u0103r\u0103cini,<br \/>\nPe cap i-am pus.<br \/>\nEu l-am ucis,<br \/>\nSunt criminal,<br \/>\nCu al meu p\u0103cat<br \/>\nSunt vinovat<br \/>\n\u0218i vina mea<br \/>\nEl a luat.<br \/>\nEmilia Dinescu<\/p>\n","protected":false},"excerpt":{"rendered":"<p>\u00a0EU L-AM UCIS L-am r\u0103stignit, Crucificat, L-am biciuit \u0218i l-am scuipat Cu al meu p\u0103cat. \u0218i coasta, Tot eu i-am str\u0103puns, Cu al meu p\u0103cat Eu l-am \u00eempuns, Coroana cea de m\u0103r\u0103cini, Pe cap i-am pus. Eu l-am ucis, Sunt criminal, Cu al meu p\u0103cat Sunt vinovat \u0218i vina mea El a luat. Emilia Dinescu<\/p>\n","protected":false},"author":47,"featured_media":0,"comment_status":"open","ping_status":"closed","sticky":false,"template":"","format":"standard","meta":{"_monsterinsights_skip_tracking":false,"_monsterinsights_sitenote_active":false,"_monsterinsights_sitenote_note":"","_monsterinsights_sitenote_category":0,"footnotes":""},"categories":[134],"tags":[],"class_list":["post-10185","post","type-post","status-publish","format-standard","hentry","category-generale"],"_links":{"self":[{"href":"https:\/\/intercer.net\/blogs\/poeziisieditoriale\/wp-json\/wp\/v2\/posts\/10185","targetHints":{"allow":["GET"]}}],"collection":[{"href":"https:\/\/intercer.net\/blogs\/poeziisieditoriale\/wp-json\/wp\/v2\/posts"}],"about":[{"href":"https:\/\/intercer.net\/blogs\/poeziisieditoriale\/wp-json\/wp\/v2\/types\/post"}],"author":[{"embeddable":true,"href":"https:\/\/intercer.net\/blogs\/poeziisieditoriale\/wp-json\/wp\/v2\/users\/47"}],"replies":[{"embeddable":true,"href":"https:\/\/intercer.net\/blogs\/poeziisieditoriale\/wp-json\/wp\/v2\/comments?post=10185"}],"version-history":[{"count":1,"href":"https:\/\/intercer.net\/blogs\/poeziisieditoriale\/wp-json\/wp\/v2\/posts\/10185\/revisions"}],"predecessor-version":[{"id":10187,"href":"https:\/\/intercer.net\/blogs\/poeziisieditoriale\/wp-json\/wp\/v2\/posts\/10185\/revisions\/10187"}],"wp:attachment":[{"href":"https:\/\/intercer.net\/blogs\/poeziisieditoriale\/wp-json\/wp\/v2\/media?parent=10185"}],"wp:term":[{"taxonomy":"category","embeddable":true,"href":"https:\/\/intercer.net\/blogs\/poeziisieditoriale\/wp-json\/wp\/v2\/categories?post=10185"},{"taxonomy":"post_tag","embeddable":true,"href":"https:\/\/intercer.net\/blogs\/poeziisieditoriale\/wp-json\/wp\/v2\/tags?post=10185"}],"curies":[{"name":"wp","href":"https:\/\/api.w.org\/{rel}","templated":true}]}}