{"id":10235,"date":"2022-06-22T19:47:45","date_gmt":"2022-06-23T02:47:45","guid":{"rendered":"https:\/\/intercer.net\/blogs\/poeziisieditoriale\/?p=10235"},"modified":"2022-06-22T19:47:45","modified_gmt":"2022-06-23T02:47:45","slug":"suntem-tina-2","status":"publish","type":"post","link":"https:\/\/intercer.net\/blogs\/poeziisieditoriale\/generale\/suntem-tina-2.html","title":{"rendered":"Suntem tin\u0103"},"content":{"rendered":"<p><a href=\"https:\/\/intercer.net\/blogs\/poeziisieditoriale\/files\/2022\/06\/1655952308467.jpg\"><img loading=\"lazy\" decoding=\"async\" class=\"alignnone size-medium wp-image-10236\" src=\"https:\/\/intercer.net\/blogs\/poeziisieditoriale\/files\/2022\/06\/1655952308467-200x300.jpg\" alt=\"\" width=\"200\" height=\"300\" srcset=\"https:\/\/intercer.net\/blogs\/poeziisieditoriale\/files\/2022\/06\/1655952308467-200x300.jpg 200w, https:\/\/intercer.net\/blogs\/poeziisieditoriale\/files\/2022\/06\/1655952308467-683x1024.jpg 683w, https:\/\/intercer.net\/blogs\/poeziisieditoriale\/files\/2022\/06\/1655952308467-768x1152.jpg 768w, https:\/\/intercer.net\/blogs\/poeziisieditoriale\/files\/2022\/06\/1655952308467-1024x1536.jpg 1024w, https:\/\/intercer.net\/blogs\/poeziisieditoriale\/files\/2022\/06\/1655952308467.jpg 1080w\" sizes=\"auto, (max-width: 200px) 100vw, 200px\" \/><\/a>SUNTEM TIN\u0102<br \/>\nSuntem tin\u0103&#8230; doar \u021b\u0103r\u00e2n\u0103,<br \/>\nSuntem lut&#8230; doar p\u0103m\u00e2nt,<br \/>\nF\u0103r\u0103 Tine, n-avem via\u021b\u0103,<br \/>\nSuntem mor\u021bi&#8230; \u00eentr-un morm\u00e2nt,<br \/>\nSuntem vase \u0219i at\u00e2t,<br \/>\nVase moarte&#8230; temple goale,<br \/>\nDoar prin Tine \u0219i cu Tine,<br \/>\nAvem via\u021ba&#8230; Tu e\u0219ti sf\u00e2nt.<br \/>\nEmilia Dinescu<\/p>\n","protected":false},"excerpt":{"rendered":"<p>SUNTEM TIN\u0102 Suntem tin\u0103&#8230; doar \u021b\u0103r\u00e2n\u0103, Suntem lut&#8230; doar p\u0103m\u00e2nt, F\u0103r\u0103 Tine, n-avem via\u021b\u0103, Suntem mor\u021bi&#8230; \u00eentr-un morm\u00e2nt, Suntem vase \u0219i at\u00e2t, Vase moarte&#8230; temple goale, Doar prin Tine \u0219i cu Tine, Avem via\u021ba&#8230; Tu e\u0219ti sf\u00e2nt. Emilia Dinescu<\/p>\n","protected":false},"author":47,"featured_media":0,"comment_status":"open","ping_status":"closed","sticky":false,"template":"","format":"standard","meta":{"_monsterinsights_skip_tracking":false,"_monsterinsights_sitenote_active":false,"_monsterinsights_sitenote_note":"","_monsterinsights_sitenote_category":0,"footnotes":""},"categories":[134],"tags":[],"class_list":["post-10235","post","type-post","status-publish","format-standard","hentry","category-generale"],"_links":{"self":[{"href":"https:\/\/intercer.net\/blogs\/poeziisieditoriale\/wp-json\/wp\/v2\/posts\/10235","targetHints":{"allow":["GET"]}}],"collection":[{"href":"https:\/\/intercer.net\/blogs\/poeziisieditoriale\/wp-json\/wp\/v2\/posts"}],"about":[{"href":"https:\/\/intercer.net\/blogs\/poeziisieditoriale\/wp-json\/wp\/v2\/types\/post"}],"author":[{"embeddable":true,"href":"https:\/\/intercer.net\/blogs\/poeziisieditoriale\/wp-json\/wp\/v2\/users\/47"}],"replies":[{"embeddable":true,"href":"https:\/\/intercer.net\/blogs\/poeziisieditoriale\/wp-json\/wp\/v2\/comments?post=10235"}],"version-history":[{"count":1,"href":"https:\/\/intercer.net\/blogs\/poeziisieditoriale\/wp-json\/wp\/v2\/posts\/10235\/revisions"}],"predecessor-version":[{"id":10237,"href":"https:\/\/intercer.net\/blogs\/poeziisieditoriale\/wp-json\/wp\/v2\/posts\/10235\/revisions\/10237"}],"wp:attachment":[{"href":"https:\/\/intercer.net\/blogs\/poeziisieditoriale\/wp-json\/wp\/v2\/media?parent=10235"}],"wp:term":[{"taxonomy":"category","embeddable":true,"href":"https:\/\/intercer.net\/blogs\/poeziisieditoriale\/wp-json\/wp\/v2\/categories?post=10235"},{"taxonomy":"post_tag","embeddable":true,"href":"https:\/\/intercer.net\/blogs\/poeziisieditoriale\/wp-json\/wp\/v2\/tags?post=10235"}],"curies":[{"name":"wp","href":"https:\/\/api.w.org\/{rel}","templated":true}]}}