{"id":10247,"date":"2022-06-23T12:50:15","date_gmt":"2022-06-23T19:50:15","guid":{"rendered":"https:\/\/intercer.net\/blogs\/poeziisieditoriale\/?p=10247"},"modified":"2022-06-23T12:50:15","modified_gmt":"2022-06-23T19:50:15","slug":"e-lumina-2","status":"publish","type":"post","link":"https:\/\/intercer.net\/blogs\/poeziisieditoriale\/generale\/e-lumina-2.html","title":{"rendered":"E lumin\u0103"},"content":{"rendered":"<p><a href=\"https:\/\/intercer.net\/blogs\/poeziisieditoriale\/files\/2022\/06\/1656013575692.jpg\"><img loading=\"lazy\" decoding=\"async\" class=\"alignnone size-medium wp-image-10248\" src=\"https:\/\/intercer.net\/blogs\/poeziisieditoriale\/files\/2022\/06\/1656013575692-200x300.jpg\" alt=\"\" width=\"200\" height=\"300\" srcset=\"https:\/\/intercer.net\/blogs\/poeziisieditoriale\/files\/2022\/06\/1656013575692-200x300.jpg 200w, https:\/\/intercer.net\/blogs\/poeziisieditoriale\/files\/2022\/06\/1656013575692-683x1024.jpg 683w, https:\/\/intercer.net\/blogs\/poeziisieditoriale\/files\/2022\/06\/1656013575692-768x1152.jpg 768w, https:\/\/intercer.net\/blogs\/poeziisieditoriale\/files\/2022\/06\/1656013575692-1024x1536.jpg 1024w, https:\/\/intercer.net\/blogs\/poeziisieditoriale\/files\/2022\/06\/1656013575692.jpg 1080w\" sizes=\"auto, (max-width: 200px) 100vw, 200px\" \/><\/a>\u00a0E LUMIN\u0102<br \/>\nE lumin\u0103,<br \/>\n\u00cen marele \u00eentuneric<br \/>\nDin pieptu-mi e lumin\u0103.<br \/>\nTu luminezi,<br \/>\n\u00cemi dai speran\u021b\u0103,<br \/>\nS\u0103 m\u0103 \u00eencred<br \/>\n\u00cen Tine-n via\u021b\u0103,<br \/>\nDoar Tu, Isuse,<br \/>\nMai luminezi<br \/>\n\u0218i marele \u00eentuneric<br \/>\nDoar Tu \u00eel penetrezi.<br \/>\nEmilia Dinescu<\/p>\n","protected":false},"excerpt":{"rendered":"<p>\u00a0E LUMIN\u0102 E lumin\u0103, \u00cen marele \u00eentuneric Din pieptu-mi e lumin\u0103. Tu luminezi, \u00cemi dai speran\u021b\u0103, S\u0103 m\u0103 \u00eencred \u00cen Tine-n via\u021b\u0103, Doar Tu, Isuse, Mai luminezi \u0218i marele \u00eentuneric Doar Tu \u00eel penetrezi. Emilia Dinescu<\/p>\n","protected":false},"author":47,"featured_media":0,"comment_status":"open","ping_status":"closed","sticky":false,"template":"","format":"standard","meta":{"_monsterinsights_skip_tracking":false,"_monsterinsights_sitenote_active":false,"_monsterinsights_sitenote_note":"","_monsterinsights_sitenote_category":0,"footnotes":""},"categories":[134],"tags":[],"class_list":["post-10247","post","type-post","status-publish","format-standard","hentry","category-generale"],"_links":{"self":[{"href":"https:\/\/intercer.net\/blogs\/poeziisieditoriale\/wp-json\/wp\/v2\/posts\/10247","targetHints":{"allow":["GET"]}}],"collection":[{"href":"https:\/\/intercer.net\/blogs\/poeziisieditoriale\/wp-json\/wp\/v2\/posts"}],"about":[{"href":"https:\/\/intercer.net\/blogs\/poeziisieditoriale\/wp-json\/wp\/v2\/types\/post"}],"author":[{"embeddable":true,"href":"https:\/\/intercer.net\/blogs\/poeziisieditoriale\/wp-json\/wp\/v2\/users\/47"}],"replies":[{"embeddable":true,"href":"https:\/\/intercer.net\/blogs\/poeziisieditoriale\/wp-json\/wp\/v2\/comments?post=10247"}],"version-history":[{"count":1,"href":"https:\/\/intercer.net\/blogs\/poeziisieditoriale\/wp-json\/wp\/v2\/posts\/10247\/revisions"}],"predecessor-version":[{"id":10249,"href":"https:\/\/intercer.net\/blogs\/poeziisieditoriale\/wp-json\/wp\/v2\/posts\/10247\/revisions\/10249"}],"wp:attachment":[{"href":"https:\/\/intercer.net\/blogs\/poeziisieditoriale\/wp-json\/wp\/v2\/media?parent=10247"}],"wp:term":[{"taxonomy":"category","embeddable":true,"href":"https:\/\/intercer.net\/blogs\/poeziisieditoriale\/wp-json\/wp\/v2\/categories?post=10247"},{"taxonomy":"post_tag","embeddable":true,"href":"https:\/\/intercer.net\/blogs\/poeziisieditoriale\/wp-json\/wp\/v2\/tags?post=10247"}],"curies":[{"name":"wp","href":"https:\/\/api.w.org\/{rel}","templated":true}]}}