{"id":10440,"date":"2022-07-19T06:47:43","date_gmt":"2022-07-19T13:47:43","guid":{"rendered":"https:\/\/intercer.net\/blogs\/poeziisieditoriale\/?p=10440"},"modified":"2022-07-19T06:47:43","modified_gmt":"2022-07-19T13:47:43","slug":"trasaturile-lui","status":"publish","type":"post","link":"https:\/\/intercer.net\/blogs\/poeziisieditoriale\/generale\/trasaturile-lui.html","title":{"rendered":"Tr\u0103s\u0103turile Lui"},"content":{"rendered":"<p>Doar fl\u0103c\u0103ri de suferin\u021be<br \/>\nde-ncerc\u0103ri \u0219i pl\u00e2ns amar,<br \/>\nnumeroase umilin\u021be<br \/>\nne transform\u0103 iar \u0219i iar.<\/p>\n<p>Ah, temperatura cre\u0219te<br \/>\n\u00een cuptorul nemilos!<br \/>\nCel din jurul meu prive\u0219te<br \/>\nprinderea mea \u00een Hristos?<\/p>\n<p>Chiar dac\u0103 nu \u00een\u021belegem<br \/>\nprin credin\u021b\u0103 s\u0103 r\u0103bd\u0103m,<br \/>\ndrumul pe care-l alegem<br \/>\narat\u0103 c\u0103-L onor\u0103m.<\/p>\n<p>Harul divin ne sfin\u021be\u0219te<br \/>\nst\u00e2nd de vorb\u0103 cu Hristos,<br \/>\ndefectele le gone\u0219te,<br \/>\nprimim caracter frumos.<\/p>\n<p>Credin\u021b\u0103 \u0219i cur\u0103\u021bie,<br \/>\ncontempl\u00e2nd Modelul Sf\u00e2nt,<br \/>\ntr\u0103s\u0103turi cere\u0219ti s\u0103 fie<br \/>\nmisionare pe p\u0103m\u00e2nt.<\/p>\n<p>Lumea vede \u0219i a\u0219teapt\u0103<br \/>\n\u00een via\u021ba unui cre\u0219tin<br \/>\no descoperire dreapt\u0103<br \/>\na-Mp\u0103ratului divin.<\/p>\n<p>E \u00een noi M\u00e2ntuitorul<br \/>\nzi de zi \u0219i ceas de ceas?<br \/>\nNe \u00eemp\u0103rt\u0103\u0219im tot dorul<br \/>\nde-a ne lua cu El acas?<\/p>\n<p>S\u0103-L cunoa\u0219tem tot mai bine,<br \/>\nde la Hrist s\u0103 \u00eenv\u0103\u021b\u0103m,<br \/>\ndoar iubirea ne va \u021bine<br \/>\nl\u00e2ng\u0103 El uni\u021bi s\u0103 st\u0103m.<\/p>\n<p>Calm \u0219i amabilitate<br \/>\nnu pot singur s\u0103 dezvolt,<br \/>\nbl\u00e2nde\u021be \u0219i bun\u0103tate<br \/>\nprintre ceilal\u021bi, iat\u0103, pot!<\/p>\n<p>Suntem sare \u0219i lumin\u0103,<br \/>\npurt\u0103m chipul lui Isus,<br \/>\nprin purificare fin\u0103<br \/>\n\u0219i prin Duhul Sf\u00e2nt de sus. Amin!<\/p>\n<p>         Floare de col\u021b<br \/>\n         Aviva Aurelia Evghenie<\/p>\n","protected":false},"excerpt":{"rendered":"<p>Doar fl\u0103c\u0103ri de suferin\u021be de-ncerc\u0103ri \u0219i pl\u00e2ns amar, numeroase umilin\u021be ne transform\u0103 iar \u0219i iar. Ah, temperatura cre\u0219te \u00een cuptorul nemilos! Cel din jurul meu prive\u0219te prinderea mea \u00een Hristos? Chiar dac\u0103 nu \u00een\u021belegem prin credin\u021b\u0103 s\u0103 r\u0103bd\u0103m, drumul pe care-l alegem arat\u0103 c\u0103-L onor\u0103m. Harul divin ne sfin\u021be\u0219te st\u00e2nd de vorb\u0103 cu Hristos, defectele [&hellip;]<\/p>\n","protected":false},"author":44,"featured_media":0,"comment_status":"open","ping_status":"closed","sticky":false,"template":"","format":"standard","meta":{"_monsterinsights_skip_tracking":false,"_monsterinsights_sitenote_active":false,"_monsterinsights_sitenote_note":"","_monsterinsights_sitenote_category":0,"footnotes":""},"categories":[134],"tags":[],"class_list":["post-10440","post","type-post","status-publish","format-standard","hentry","category-generale"],"_links":{"self":[{"href":"https:\/\/intercer.net\/blogs\/poeziisieditoriale\/wp-json\/wp\/v2\/posts\/10440","targetHints":{"allow":["GET"]}}],"collection":[{"href":"https:\/\/intercer.net\/blogs\/poeziisieditoriale\/wp-json\/wp\/v2\/posts"}],"about":[{"href":"https:\/\/intercer.net\/blogs\/poeziisieditoriale\/wp-json\/wp\/v2\/types\/post"}],"author":[{"embeddable":true,"href":"https:\/\/intercer.net\/blogs\/poeziisieditoriale\/wp-json\/wp\/v2\/users\/44"}],"replies":[{"embeddable":true,"href":"https:\/\/intercer.net\/blogs\/poeziisieditoriale\/wp-json\/wp\/v2\/comments?post=10440"}],"version-history":[{"count":1,"href":"https:\/\/intercer.net\/blogs\/poeziisieditoriale\/wp-json\/wp\/v2\/posts\/10440\/revisions"}],"predecessor-version":[{"id":10441,"href":"https:\/\/intercer.net\/blogs\/poeziisieditoriale\/wp-json\/wp\/v2\/posts\/10440\/revisions\/10441"}],"wp:attachment":[{"href":"https:\/\/intercer.net\/blogs\/poeziisieditoriale\/wp-json\/wp\/v2\/media?parent=10440"}],"wp:term":[{"taxonomy":"category","embeddable":true,"href":"https:\/\/intercer.net\/blogs\/poeziisieditoriale\/wp-json\/wp\/v2\/categories?post=10440"},{"taxonomy":"post_tag","embeddable":true,"href":"https:\/\/intercer.net\/blogs\/poeziisieditoriale\/wp-json\/wp\/v2\/tags?post=10440"}],"curies":[{"name":"wp","href":"https:\/\/api.w.org\/{rel}","templated":true}]}}