{"id":1366,"date":"2010-04-15T06:09:20","date_gmt":"2010-04-15T11:09:20","guid":{"rendered":"http:\/\/intercer.net\/blogs\/poeziisieditoriale\/generale\/de-ai-veni.html"},"modified":"2010-04-15T06:12:00","modified_gmt":"2010-04-15T11:12:00","slug":"de-ai-veni","status":"publish","type":"post","link":"https:\/\/intercer.net\/blogs\/poeziisieditoriale\/generale\/de-ai-veni.html","title":{"rendered":"De ai veni&#8230;"},"content":{"rendered":"<p>De ai veni&#8230;<\/p>\n<p>De ai veni trudit, \u015fi ai b\u0103tea<br \/>\nCa s\u0103-\u0162i deschid, Isus iubit,<br \/>\nU\u015fa atunci, \u0162i-a\u015f deschidea<br \/>\nZic\u00e2ndu-\u0162i: &#8211; ,Bine-ai venit!\u2019<\/p>\n<p>Poftindu-Te la mine-n cas\u0103,<br \/>\nVreau oaspete ales s\u0103-mi fii!<br \/>\nCa am\u00e2ndoi, s\u0103 fim la mas\u0103<br \/>\n\u00cen ceas,&#8230;de scumpe bucurii.<\/p>\n<p>Cina-vom, \u00een clipe de sear\u0103<br \/>\nCu p\u00e2ine rupt\u0103-n rug\u0103ciune,<br \/>\nAmintindu-mi de-odinioar\u0103<br \/>\nC\u0103 sav\u00e2r\u015feai sf\u00e2nta minune.<\/p>\n<p>Astfel, Tu po\u0163i face \u015fi-acum<br \/>\nLa sufletul care-\u0162i urmeaz\u0103,<br \/>\nFiind obosit de lungul drum<br \/>\nAl trudei, c\u00e2nd se \u00eensereaz\u0103.<\/p>\n<p>Pe vremuri Te urma poporul<br \/>\nCa s\u0103 asculte-al T\u0103u Cuv\u00e2nt,<br \/>\nDar ast\u0103zi, Tu e\u015fti c\u0103l\u0103torul<br \/>\nCare a\u015ftep\u0163i de trud\u0103-nfr\u00e2nt.<\/p>\n<p>Ferice-acel care-\u0162i deschide<br \/>\n\u015ei Te-osp\u0103teaz\u0103 din pl\u0103cere,<br \/>\n\u015ei inima-i, el nu \u015fi-o-nchide<br \/>\nC\u00e2nd r\u0103bd\u0103tor ba\u0163i \u00een t\u0103cere.<\/p>\n<p>Flavius Laurian Duverna<\/p>\n","protected":false},"excerpt":{"rendered":"<p>De ai veni&#8230; De ai veni trudit, \u015fi ai b\u0103tea Ca s\u0103-\u0162i deschid, Isus iubit, U\u015fa atunci, \u0162i-a\u015f deschidea Zic\u00e2ndu-\u0162i: &#8211; ,Bine-ai venit!\u2019 Poftindu-Te la mine-n cas\u0103, Vreau oaspete ales s\u0103-mi fii! Ca am\u00e2ndoi, s\u0103 fim la mas\u0103 \u00cen ceas,&#8230;de scumpe bucurii. Cina-vom, \u00een clipe de sear\u0103 Cu p\u00e2ine rupt\u0103-n rug\u0103ciune, Amintindu-mi de-odinioar\u0103 C\u0103 sav\u00e2r\u015feai [&hellip;]<\/p>\n","protected":false},"author":9,"featured_media":0,"comment_status":"open","ping_status":"closed","sticky":false,"template":"","format":"standard","meta":{"_monsterinsights_skip_tracking":false,"_monsterinsights_sitenote_active":false,"_monsterinsights_sitenote_note":"","_monsterinsights_sitenote_category":0,"footnotes":""},"categories":[134],"tags":[971,215,208,209,422,691],"class_list":["post-1366","post","type-post","status-publish","format-standard","hentry","category-generale","tag-calatorul","tag-duverna","tag-flavius","tag-laurian","tag-minune","tag-oaspete"],"_links":{"self":[{"href":"https:\/\/intercer.net\/blogs\/poeziisieditoriale\/wp-json\/wp\/v2\/posts\/1366","targetHints":{"allow":["GET"]}}],"collection":[{"href":"https:\/\/intercer.net\/blogs\/poeziisieditoriale\/wp-json\/wp\/v2\/posts"}],"about":[{"href":"https:\/\/intercer.net\/blogs\/poeziisieditoriale\/wp-json\/wp\/v2\/types\/post"}],"author":[{"embeddable":true,"href":"https:\/\/intercer.net\/blogs\/poeziisieditoriale\/wp-json\/wp\/v2\/users\/9"}],"replies":[{"embeddable":true,"href":"https:\/\/intercer.net\/blogs\/poeziisieditoriale\/wp-json\/wp\/v2\/comments?post=1366"}],"version-history":[{"count":0,"href":"https:\/\/intercer.net\/blogs\/poeziisieditoriale\/wp-json\/wp\/v2\/posts\/1366\/revisions"}],"wp:attachment":[{"href":"https:\/\/intercer.net\/blogs\/poeziisieditoriale\/wp-json\/wp\/v2\/media?parent=1366"}],"wp:term":[{"taxonomy":"category","embeddable":true,"href":"https:\/\/intercer.net\/blogs\/poeziisieditoriale\/wp-json\/wp\/v2\/categories?post=1366"},{"taxonomy":"post_tag","embeddable":true,"href":"https:\/\/intercer.net\/blogs\/poeziisieditoriale\/wp-json\/wp\/v2\/tags?post=1366"}],"curies":[{"name":"wp","href":"https:\/\/api.w.org\/{rel}","templated":true}]}}