{"id":14283,"date":"2023-06-08T13:33:30","date_gmt":"2023-06-08T20:33:30","guid":{"rendered":"https:\/\/intercer.net\/blogs\/poeziisieditoriale\/?p=14283"},"modified":"2023-06-08T13:33:30","modified_gmt":"2023-06-08T20:33:30","slug":"de-ziua-prieteniei","status":"publish","type":"post","link":"https:\/\/intercer.net\/blogs\/poeziisieditoriale\/generale\/de-ziua-prieteniei.html","title":{"rendered":"De ziua prieteniei"},"content":{"rendered":"<p><a href=\"https:\/\/intercer.net\/blogs\/poeziisieditoriale\/files\/2023\/06\/1686255779776.jpg\"><img loading=\"lazy\" decoding=\"async\" class=\"alignnone size-medium wp-image-14284\" src=\"https:\/\/intercer.net\/blogs\/poeziisieditoriale\/files\/2023\/06\/1686255779776-199x300.jpg\" alt=\"\" width=\"199\" height=\"300\" srcset=\"https:\/\/intercer.net\/blogs\/poeziisieditoriale\/files\/2023\/06\/1686255779776-199x300.jpg 199w, https:\/\/intercer.net\/blogs\/poeziisieditoriale\/files\/2023\/06\/1686255779776-681x1024.jpg 681w, https:\/\/intercer.net\/blogs\/poeziisieditoriale\/files\/2023\/06\/1686255779776-768x1156.jpg 768w, https:\/\/intercer.net\/blogs\/poeziisieditoriale\/files\/2023\/06\/1686255779776-1021x1536.jpg 1021w, https:\/\/intercer.net\/blogs\/poeziisieditoriale\/files\/2023\/06\/1686255779776.jpg 1080w\" sizes=\"auto, (max-width: 199px) 100vw, 199px\" \/><\/a>\u00a0DE ZIUA PRIETENIEI<br \/>\n\u00cen ziua prieteniei a\u0219 vrea s\u0103-\u021bi mul\u021bumesc<br \/>\nC\u0103 zi de zi \u00een via\u021b\u0103 mai mult m\u0103 \u00eent\u00e2lnesc,<br \/>\nM\u0103 \u00eent\u00e2lnesc pe mine, \u00eencerc s\u0103 m\u0103 cunosc,<br \/>\nC\u0103ci am v\u0103zut schimbarea \u0219i nu m\u0103 recunosc.<\/p>\n<p>\u00cen via\u021ba mea banal\u0103, Tu nu m-ai p\u0103r\u0103sit,<br \/>\nMi-ai scos \u00een cale oameni \u0219i m-am \u00eemprietenit,<br \/>\nMi-ai rezolvat probleme ce singur\u0103 am creat<br \/>\n\u0218i ai fost cu mine, Doamne, nu m-ai abandonat.<\/p>\n<p>\u00ce\u021bi mul\u021bumesc \u0219i \u021aie c\u0103 e\u0219ti prietenul meu,<br \/>\nAi fost mereu cu mine, la bine \u0219i la greu,<br \/>\nMi-ai dat prieteni \u00een via\u021b\u0103, \u0219i vreau s\u0103-\u021bi mul\u021bumesc<br \/>\nC\u0103ci prietenii-s cadoul prin care simt c\u0103 cresc.<br \/>\nEmilia Dinescu<\/p>\n","protected":false},"excerpt":{"rendered":"<p>\u00a0DE ZIUA PRIETENIEI \u00cen ziua prieteniei a\u0219 vrea s\u0103-\u021bi mul\u021bumesc C\u0103 zi de zi \u00een via\u021b\u0103 mai mult m\u0103 \u00eent\u00e2lnesc, M\u0103 \u00eent\u00e2lnesc pe mine, \u00eencerc s\u0103 m\u0103 cunosc, C\u0103ci am v\u0103zut schimbarea \u0219i nu m\u0103 recunosc. \u00cen via\u021ba mea banal\u0103, Tu nu m-ai p\u0103r\u0103sit, Mi-ai scos \u00een cale oameni \u0219i m-am \u00eemprietenit, Mi-ai rezolvat probleme [&hellip;]<\/p>\n","protected":false},"author":47,"featured_media":0,"comment_status":"open","ping_status":"closed","sticky":false,"template":"","format":"standard","meta":{"_monsterinsights_skip_tracking":false,"_monsterinsights_sitenote_active":false,"_monsterinsights_sitenote_note":"","_monsterinsights_sitenote_category":0,"footnotes":""},"categories":[134],"tags":[],"class_list":["post-14283","post","type-post","status-publish","format-standard","hentry","category-generale"],"_links":{"self":[{"href":"https:\/\/intercer.net\/blogs\/poeziisieditoriale\/wp-json\/wp\/v2\/posts\/14283","targetHints":{"allow":["GET"]}}],"collection":[{"href":"https:\/\/intercer.net\/blogs\/poeziisieditoriale\/wp-json\/wp\/v2\/posts"}],"about":[{"href":"https:\/\/intercer.net\/blogs\/poeziisieditoriale\/wp-json\/wp\/v2\/types\/post"}],"author":[{"embeddable":true,"href":"https:\/\/intercer.net\/blogs\/poeziisieditoriale\/wp-json\/wp\/v2\/users\/47"}],"replies":[{"embeddable":true,"href":"https:\/\/intercer.net\/blogs\/poeziisieditoriale\/wp-json\/wp\/v2\/comments?post=14283"}],"version-history":[{"count":1,"href":"https:\/\/intercer.net\/blogs\/poeziisieditoriale\/wp-json\/wp\/v2\/posts\/14283\/revisions"}],"predecessor-version":[{"id":14285,"href":"https:\/\/intercer.net\/blogs\/poeziisieditoriale\/wp-json\/wp\/v2\/posts\/14283\/revisions\/14285"}],"wp:attachment":[{"href":"https:\/\/intercer.net\/blogs\/poeziisieditoriale\/wp-json\/wp\/v2\/media?parent=14283"}],"wp:term":[{"taxonomy":"category","embeddable":true,"href":"https:\/\/intercer.net\/blogs\/poeziisieditoriale\/wp-json\/wp\/v2\/categories?post=14283"},{"taxonomy":"post_tag","embeddable":true,"href":"https:\/\/intercer.net\/blogs\/poeziisieditoriale\/wp-json\/wp\/v2\/tags?post=14283"}],"curies":[{"name":"wp","href":"https:\/\/api.w.org\/{rel}","templated":true}]}}