{"id":14287,"date":"2023-06-09T01:40:21","date_gmt":"2023-06-09T08:40:21","guid":{"rendered":"https:\/\/intercer.net\/blogs\/poeziisieditoriale\/?p=14287"},"modified":"2023-06-09T01:40:21","modified_gmt":"2023-06-09T08:40:21","slug":"incurajare-17","status":"publish","type":"post","link":"https:\/\/intercer.net\/blogs\/poeziisieditoriale\/generale\/incurajare-17.html","title":{"rendered":"\u00cencurajare"},"content":{"rendered":"<p><a href=\"https:\/\/intercer.net\/blogs\/poeziisieditoriale\/files\/2023\/06\/1686299920195.jpg\"><img loading=\"lazy\" decoding=\"async\" class=\"alignnone size-medium wp-image-14288\" src=\"https:\/\/intercer.net\/blogs\/poeziisieditoriale\/files\/2023\/06\/1686299920195-300x300.jpg\" alt=\"\" width=\"300\" height=\"300\" srcset=\"https:\/\/intercer.net\/blogs\/poeziisieditoriale\/files\/2023\/06\/1686299920195-300x300.jpg 300w, https:\/\/intercer.net\/blogs\/poeziisieditoriale\/files\/2023\/06\/1686299920195-1024x1024.jpg 1024w, https:\/\/intercer.net\/blogs\/poeziisieditoriale\/files\/2023\/06\/1686299920195-150x150.jpg 150w, https:\/\/intercer.net\/blogs\/poeziisieditoriale\/files\/2023\/06\/1686299920195-768x768.jpg 768w, https:\/\/intercer.net\/blogs\/poeziisieditoriale\/files\/2023\/06\/1686299920195.jpg 1080w\" sizes=\"auto, (max-width: 300px) 100vw, 300px\" \/><\/a>\u00a0\u00ceNCURAJARE<br \/>\nC\u00e2nd vine \u00eencercarea, te rog, prive\u0219te \u00een sus<br \/>\nC\u0103ci marea izb\u0103vire vine de la Isus,<br \/>\n\u00cenal\u021b\u0103 o rug\u0103ciune \u0219i nu descuraja<br \/>\nC\u0103ci pentru tine \u00eentruna \u0219i eu m\u0103 voi ruga.<\/p>\n<p>Nu \u0219tiu de va fi bine, nu \u0219tiu tot ce va fi,<br \/>\nDar \u0219tiu c\u0103 pentru tine eu ruga n-oi opri<br \/>\n\u0218I cerul nu te las\u0103 oric\u00e2t ar fi de greu,<br \/>\nTe rog, s\u0103 ai credin\u021b\u0103 \u00een Tata Dumnezeu.<\/p>\n<p>\u00cenc\u0103 din p\u00e2ntec \u0219tiu c\u0103 am strigat la cer<br \/>\nM\u0103 rog mereu, \u00eentruna, nu este un mister,<br \/>\nCred, am credin\u021b\u0103 mare c\u0103 ruga e ascultat\u0103<br \/>\n\u0218i rog cerul s\u0103 fie cu tine \u00eenc\u0103 o dat\u0103.<br \/>\nEmilia Dinescu<\/p>\n","protected":false},"excerpt":{"rendered":"<p>\u00a0\u00ceNCURAJARE C\u00e2nd vine \u00eencercarea, te rog, prive\u0219te \u00een sus C\u0103ci marea izb\u0103vire vine de la Isus, \u00cenal\u021b\u0103 o rug\u0103ciune \u0219i nu descuraja C\u0103ci pentru tine \u00eentruna \u0219i eu m\u0103 voi ruga. Nu \u0219tiu de va fi bine, nu \u0219tiu tot ce va fi, Dar \u0219tiu c\u0103 pentru tine eu ruga n-oi opri \u0218I cerul nu [&hellip;]<\/p>\n","protected":false},"author":47,"featured_media":0,"comment_status":"open","ping_status":"closed","sticky":false,"template":"","format":"standard","meta":{"_monsterinsights_skip_tracking":false,"_monsterinsights_sitenote_active":false,"_monsterinsights_sitenote_note":"","_monsterinsights_sitenote_category":0,"footnotes":""},"categories":[134],"tags":[],"class_list":["post-14287","post","type-post","status-publish","format-standard","hentry","category-generale"],"_links":{"self":[{"href":"https:\/\/intercer.net\/blogs\/poeziisieditoriale\/wp-json\/wp\/v2\/posts\/14287","targetHints":{"allow":["GET"]}}],"collection":[{"href":"https:\/\/intercer.net\/blogs\/poeziisieditoriale\/wp-json\/wp\/v2\/posts"}],"about":[{"href":"https:\/\/intercer.net\/blogs\/poeziisieditoriale\/wp-json\/wp\/v2\/types\/post"}],"author":[{"embeddable":true,"href":"https:\/\/intercer.net\/blogs\/poeziisieditoriale\/wp-json\/wp\/v2\/users\/47"}],"replies":[{"embeddable":true,"href":"https:\/\/intercer.net\/blogs\/poeziisieditoriale\/wp-json\/wp\/v2\/comments?post=14287"}],"version-history":[{"count":1,"href":"https:\/\/intercer.net\/blogs\/poeziisieditoriale\/wp-json\/wp\/v2\/posts\/14287\/revisions"}],"predecessor-version":[{"id":14289,"href":"https:\/\/intercer.net\/blogs\/poeziisieditoriale\/wp-json\/wp\/v2\/posts\/14287\/revisions\/14289"}],"wp:attachment":[{"href":"https:\/\/intercer.net\/blogs\/poeziisieditoriale\/wp-json\/wp\/v2\/media?parent=14287"}],"wp:term":[{"taxonomy":"category","embeddable":true,"href":"https:\/\/intercer.net\/blogs\/poeziisieditoriale\/wp-json\/wp\/v2\/categories?post=14287"},{"taxonomy":"post_tag","embeddable":true,"href":"https:\/\/intercer.net\/blogs\/poeziisieditoriale\/wp-json\/wp\/v2\/tags?post=14287"}],"curies":[{"name":"wp","href":"https:\/\/api.w.org\/{rel}","templated":true}]}}