{"id":1458,"date":"2010-05-07T23:44:29","date_gmt":"2010-05-08T04:44:29","guid":{"rendered":"http:\/\/intercer.net\/blogs\/poeziisieditoriale\/generale\/dorita-dezvoltare.html"},"modified":"2010-05-07T23:46:45","modified_gmt":"2010-05-08T04:46:45","slug":"dorita-dezvoltare","status":"publish","type":"post","link":"https:\/\/intercer.net\/blogs\/poeziisieditoriale\/speranta\/dorita-dezvoltare.html","title":{"rendered":"Dorita Dezvoltare"},"content":{"rendered":"<p>Dorita Dezvoltare<\/p>\n<p>De-a\u015f fi azi, un bob de gr\u00e2u<br \/>\nPurtat cu ging\u0103\u015fie, \u00een m\u00e2n\u0103,<br \/>\n\u015ei nu-azv\u00e2rlit \u00eentr-un p\u00e2r\u00e2u<br \/>\nCi-n stratul umed de \u0163\u0103r\u00e2n\u0103,<\/p>\n<p>De-a ochilor privire-ascuns<br \/>\nMi s-ar efectua germinarea,<br \/>\nPrin grija Acelui Nep\u0103truns<br \/>\nS\u0103-mi dezvolt multiplicarea.<\/p>\n<p>Dup\u0103 procesul de \u00eencol\u0163ire<br \/>\nPrin faza cea de dezvoltare,<br \/>\nS-ajung la clipa de-nfr\u0103\u0163ire<br \/>\nC\u00e2nd nodu-i de ramificare!<\/p>\n<p>\u015ei chip s\u0103 iau \u00een firul verde<br \/>\nSmuls din putreda s\u0103m\u00e2n\u0163\u0103,<br \/>\nDovada cum din ea purcede<br \/>\nVia\u0163\u0103 cea nou\u0103-nspre fiin\u0163\u0103.<\/p>\n<p>Cu v\u00e2rful fraged c\u0103tre soare<br \/>\nDe v\u00e2ntul lin fiind m\u00e2ng\u00e2iat,<br \/>\nPrin raze dulci, str\u0103lucitoare<br \/>\nS\u0103 cresc mai sus, energizat!<\/p>\n<p>C\u00e2nd \u015fi frunz\u0103, dup\u0103 frunz\u0103<br \/>\nDe-a lungul paiului se-n\u015fir\u0103,<br \/>\nSpre-n\u0103l\u0163imi ca sa p\u0103trunz\u0103,<br \/>\nCorola atunci falnic respir\u0103!<\/p>\n<p>\u015ei c\u00e2nd spicul, \u00een miniatur\u0103<br \/>\nCu al s\u0103u mugure deja floral,<br \/>\nContur va prinde, \u00een f\u0103ptur\u0103<br \/>\nTot mai spre soare, vertical,<\/p>\n<p>Ca un stindard alb, f\u00e2lf\u00e2itor,<br \/>\nCe briza-l leag\u0103n\u0103 \u00een sufl\u0103ri,<br \/>\nS\u0103 cresc spre v\u00e2rf, \u00eenceti\u015for,<br \/>\n\u00cen taina scumpei dezvolt\u0103ri!<\/p>\n<p>S-ajung astfel un spic deplin<br \/>\nLa stadiul cel de maturizare,<br \/>\nC\u00e2nd dintr-un bob o sut\u0103 vin,<br \/>\nS\u0103 umple golul din hambare.<\/p>\n<p>Marcat de multele schimb\u0103ri<br \/>\nSpre ziua scump\u0103, a d\u0103ruirii,<br \/>\nSa trec cu brio transform\u0103ri<br \/>\nCare produc, vestea-nnoirii!<\/p>\n<p>\u015ei-acela\u015fi bob de gr\u00e2u s\u0103 fiu<br \/>\nPrin via\u0163a p\u0103strat\u0103-n mister,<br \/>\nCe-ascunde-n embrionul viu<br \/>\nSigiliul pentru&#8230;un caracter!<\/p>\n<p>Flavius Laurian Duverna<\/p>\n","protected":false},"excerpt":{"rendered":"<p>Dorita Dezvoltare De-a\u015f fi azi, un bob de gr\u00e2u Purtat cu ging\u0103\u015fie, \u00een m\u00e2n\u0103, \u015ei nu-azv\u00e2rlit \u00eentr-un p\u00e2r\u00e2u Ci-n stratul umed de \u0163\u0103r\u00e2n\u0103, De-a ochilor privire-ascuns Mi s-ar efectua germinarea, Prin grija Acelui Nep\u0103truns S\u0103-mi dezvolt multiplicarea. Dup\u0103 procesul de \u00eencol\u0163ire Prin faza cea de dezvoltare, S-ajung la clipa de-nfr\u0103\u0163ire C\u00e2nd nodu-i de ramificare! \u015ei [&hellip;]<\/p>\n","protected":false},"author":9,"featured_media":0,"comment_status":"open","ping_status":"closed","sticky":false,"template":"","format":"standard","meta":{"_monsterinsights_skip_tracking":false,"_monsterinsights_sitenote_active":false,"_monsterinsights_sitenote_note":"","_monsterinsights_sitenote_category":0,"footnotes":""},"categories":[134,139,127],"tags":[1007,215,208,297,209,1008,284],"class_list":["post-1458","post","type-post","status-publish","format-standard","hentry","category-generale","category-lauda","category-speranta","tag-bob","tag-duverna","tag-flavius","tag-grau","tag-laurian","tag-sigiliul","tag-tarana"],"_links":{"self":[{"href":"https:\/\/intercer.net\/blogs\/poeziisieditoriale\/wp-json\/wp\/v2\/posts\/1458","targetHints":{"allow":["GET"]}}],"collection":[{"href":"https:\/\/intercer.net\/blogs\/poeziisieditoriale\/wp-json\/wp\/v2\/posts"}],"about":[{"href":"https:\/\/intercer.net\/blogs\/poeziisieditoriale\/wp-json\/wp\/v2\/types\/post"}],"author":[{"embeddable":true,"href":"https:\/\/intercer.net\/blogs\/poeziisieditoriale\/wp-json\/wp\/v2\/users\/9"}],"replies":[{"embeddable":true,"href":"https:\/\/intercer.net\/blogs\/poeziisieditoriale\/wp-json\/wp\/v2\/comments?post=1458"}],"version-history":[{"count":0,"href":"https:\/\/intercer.net\/blogs\/poeziisieditoriale\/wp-json\/wp\/v2\/posts\/1458\/revisions"}],"wp:attachment":[{"href":"https:\/\/intercer.net\/blogs\/poeziisieditoriale\/wp-json\/wp\/v2\/media?parent=1458"}],"wp:term":[{"taxonomy":"category","embeddable":true,"href":"https:\/\/intercer.net\/blogs\/poeziisieditoriale\/wp-json\/wp\/v2\/categories?post=1458"},{"taxonomy":"post_tag","embeddable":true,"href":"https:\/\/intercer.net\/blogs\/poeziisieditoriale\/wp-json\/wp\/v2\/tags?post=1458"}],"curies":[{"name":"wp","href":"https:\/\/api.w.org\/{rel}","templated":true}]}}