{"id":19061,"date":"2025-06-28T01:16:56","date_gmt":"2025-06-28T08:16:56","guid":{"rendered":"https:\/\/intercer.net\/blogs\/poeziisieditoriale\/?p=19061"},"modified":"2025-06-28T01:16:56","modified_gmt":"2025-06-28T08:16:56","slug":"copiilor-mei-21","status":"publish","type":"post","link":"https:\/\/intercer.net\/blogs\/poeziisieditoriale\/generale\/copiilor-mei-21.html","title":{"rendered":"Copiilor mei"},"content":{"rendered":"<p>1803. COPIILOR MEI<br \/>\nDac\u0103 a\u0219 putea, cerul vi l-a\u0219 da, dar nu st\u0103 \u00een puterea mea,<br \/>\nEu pot doar s\u0103 m\u0103 rog, cu toat\u0103 dragostea,<br \/>\nS\u0103 strig la Dumnezeu, \u00een post \u0219i rug\u0103ciune,<br \/>\nC\u0103ci voi sunte\u021bi averea, a cerului minune.<\/p>\n<p>Sub coasta mea chiar Domnul va creat,<br \/>\nA\u021bi fost cadoul meu cel minunat,<br \/>\nNu am cuvinte cerului s\u0103-i mul\u021bumesc,<br \/>\nC\u0103ci cerul m-a \u00eenv\u0103\u021bat cum s\u0103 v\u0103 cresc.<\/p>\n<p>Eu sunt un nimeni, vas slab pe p\u0103m\u00e2nt,<br \/>\nDar am primit un dar care e sf\u00e2nt,<br \/>\nUn dar sublim, acela de a fi mam\u0103,<br \/>\nAm trei bujori, cadou de pus \u00een ram\u0103.<\/p>\n<p>Mai nou, am \u0219i o fat\u0103, nu am n\u0103scut-o eu,<br \/>\nDar e cadoul meu, mi l-a dat Dumnezeu,<br \/>\nPrin ea, \u00eenc\u0103 o fat\u0103 am primit \u00een dar,<br \/>\nAm dou\u0103 fete, minunatul har.<\/p>\n<p>Am cinci copii, copiii \u00eei iubesc,<br \/>\nLui Dumnezeu acum \u00eei mul\u021bumesc,<br \/>\nEu \u00eei doresc acum \u0219i-n ve\u0219nicie,<br \/>\nM\u0103 rog pentru eterna bucurie.<br \/>\nEmilia Dinescu<\/p>\n","protected":false},"excerpt":{"rendered":"<p>1803. COPIILOR MEI Dac\u0103 a\u0219 putea, cerul vi l-a\u0219 da, dar nu st\u0103 \u00een puterea mea, Eu pot doar s\u0103 m\u0103 rog, cu toat\u0103 dragostea, S\u0103 strig la Dumnezeu, \u00een post \u0219i rug\u0103ciune, C\u0103ci voi sunte\u021bi averea, a cerului minune. Sub coasta mea chiar Domnul va creat, A\u021bi fost cadoul meu cel minunat, Nu am [&hellip;]<\/p>\n","protected":false},"author":47,"featured_media":0,"comment_status":"open","ping_status":"closed","sticky":false,"template":"","format":"standard","meta":{"_monsterinsights_skip_tracking":false,"_monsterinsights_sitenote_active":false,"_monsterinsights_sitenote_note":"","_monsterinsights_sitenote_category":0,"footnotes":""},"categories":[134],"tags":[],"class_list":["post-19061","post","type-post","status-publish","format-standard","hentry","category-generale"],"_links":{"self":[{"href":"https:\/\/intercer.net\/blogs\/poeziisieditoriale\/wp-json\/wp\/v2\/posts\/19061","targetHints":{"allow":["GET"]}}],"collection":[{"href":"https:\/\/intercer.net\/blogs\/poeziisieditoriale\/wp-json\/wp\/v2\/posts"}],"about":[{"href":"https:\/\/intercer.net\/blogs\/poeziisieditoriale\/wp-json\/wp\/v2\/types\/post"}],"author":[{"embeddable":true,"href":"https:\/\/intercer.net\/blogs\/poeziisieditoriale\/wp-json\/wp\/v2\/users\/47"}],"replies":[{"embeddable":true,"href":"https:\/\/intercer.net\/blogs\/poeziisieditoriale\/wp-json\/wp\/v2\/comments?post=19061"}],"version-history":[{"count":1,"href":"https:\/\/intercer.net\/blogs\/poeziisieditoriale\/wp-json\/wp\/v2\/posts\/19061\/revisions"}],"predecessor-version":[{"id":19062,"href":"https:\/\/intercer.net\/blogs\/poeziisieditoriale\/wp-json\/wp\/v2\/posts\/19061\/revisions\/19062"}],"wp:attachment":[{"href":"https:\/\/intercer.net\/blogs\/poeziisieditoriale\/wp-json\/wp\/v2\/media?parent=19061"}],"wp:term":[{"taxonomy":"category","embeddable":true,"href":"https:\/\/intercer.net\/blogs\/poeziisieditoriale\/wp-json\/wp\/v2\/categories?post=19061"},{"taxonomy":"post_tag","embeddable":true,"href":"https:\/\/intercer.net\/blogs\/poeziisieditoriale\/wp-json\/wp\/v2\/tags?post=19061"}],"curies":[{"name":"wp","href":"https:\/\/api.w.org\/{rel}","templated":true}]}}