{"id":19063,"date":"2025-06-28T06:52:59","date_gmt":"2025-06-28T13:52:59","guid":{"rendered":"https:\/\/intercer.net\/blogs\/poeziisieditoriale\/?p=19063"},"modified":"2025-06-28T06:56:44","modified_gmt":"2025-06-28T13:56:44","slug":"ganduri-pentru-viata","status":"publish","type":"post","link":"https:\/\/intercer.net\/blogs\/poeziisieditoriale\/generale\/ganduri-pentru-viata.html","title":{"rendered":"G\u00e2nduri pentru via\u021b\u0103"},"content":{"rendered":"<p>1804. G\u00c2NDURI DESPRE VIA\u021a\u0102<br \/>\nNu am via\u021ba perfect\u0103, nu e vitraliu,<br \/>\nNu-s din o\u021bel, acesta-i un detaliu,<br \/>\nDe multe ori eu, melc a\u0219 vrea s\u0103 fiu,<br \/>\nS\u0103 merg prin via\u021b\u0103, doar a\u0219a cum \u0219tiu.<\/p>\n<p>Timpul nu st\u0103, m-apuc\u0103 o migren\u0103,<br \/>\nVia\u021ba de aici e efemer\u0103, nu-i etern\u0103,<br \/>\nNu-i catifea, e aspr\u0103 \u0219i e grea,<br \/>\nDar clipele ce trec, a\u0219 vrea s\u0103 stea.<\/p>\n<p>Timpul se m\u0103soar\u0103 \u00een clipe \u0219i amintiri,<br \/>\n\u0218i via\u021ba este-n clipe, nu de \u0219tiri,<br \/>\nDoar clipele abstracte \u0219i banale ne unesc,<br \/>\nE via\u021ba mea, a\u0219a cum este, o iubesc.<br \/>\nEmilia Dinescu<\/p>\n","protected":false},"excerpt":{"rendered":"<p>1804. G\u00c2NDURI DESPRE VIA\u021a\u0102 Nu am via\u021ba perfect\u0103, nu e vitraliu, Nu-s din o\u021bel, acesta-i un detaliu, De multe ori eu, melc a\u0219 vrea s\u0103 fiu, S\u0103 merg prin via\u021b\u0103, doar a\u0219a cum \u0219tiu. Timpul nu st\u0103, m-apuc\u0103 o migren\u0103, Via\u021ba de aici e efemer\u0103, nu-i etern\u0103, Nu-i catifea, e aspr\u0103 \u0219i e grea, Dar [&hellip;]<\/p>\n","protected":false},"author":47,"featured_media":0,"comment_status":"open","ping_status":"closed","sticky":false,"template":"","format":"standard","meta":{"_monsterinsights_skip_tracking":false,"_monsterinsights_sitenote_active":false,"_monsterinsights_sitenote_note":"","_monsterinsights_sitenote_category":0,"footnotes":""},"categories":[134],"tags":[],"class_list":["post-19063","post","type-post","status-publish","format-standard","hentry","category-generale"],"_links":{"self":[{"href":"https:\/\/intercer.net\/blogs\/poeziisieditoriale\/wp-json\/wp\/v2\/posts\/19063","targetHints":{"allow":["GET"]}}],"collection":[{"href":"https:\/\/intercer.net\/blogs\/poeziisieditoriale\/wp-json\/wp\/v2\/posts"}],"about":[{"href":"https:\/\/intercer.net\/blogs\/poeziisieditoriale\/wp-json\/wp\/v2\/types\/post"}],"author":[{"embeddable":true,"href":"https:\/\/intercer.net\/blogs\/poeziisieditoriale\/wp-json\/wp\/v2\/users\/47"}],"replies":[{"embeddable":true,"href":"https:\/\/intercer.net\/blogs\/poeziisieditoriale\/wp-json\/wp\/v2\/comments?post=19063"}],"version-history":[{"count":1,"href":"https:\/\/intercer.net\/blogs\/poeziisieditoriale\/wp-json\/wp\/v2\/posts\/19063\/revisions"}],"predecessor-version":[{"id":19064,"href":"https:\/\/intercer.net\/blogs\/poeziisieditoriale\/wp-json\/wp\/v2\/posts\/19063\/revisions\/19064"}],"wp:attachment":[{"href":"https:\/\/intercer.net\/blogs\/poeziisieditoriale\/wp-json\/wp\/v2\/media?parent=19063"}],"wp:term":[{"taxonomy":"category","embeddable":true,"href":"https:\/\/intercer.net\/blogs\/poeziisieditoriale\/wp-json\/wp\/v2\/categories?post=19063"},{"taxonomy":"post_tag","embeddable":true,"href":"https:\/\/intercer.net\/blogs\/poeziisieditoriale\/wp-json\/wp\/v2\/tags?post=19063"}],"curies":[{"name":"wp","href":"https:\/\/api.w.org\/{rel}","templated":true}]}}