{"id":19073,"date":"2025-06-28T08:23:14","date_gmt":"2025-06-28T15:23:14","guid":{"rendered":"https:\/\/intercer.net\/blogs\/poeziisieditoriale\/?p=19073"},"modified":"2025-06-28T08:23:14","modified_gmt":"2025-06-28T15:23:14","slug":"invitatie-in-camera-de-sus","status":"publish","type":"post","link":"https:\/\/intercer.net\/blogs\/poeziisieditoriale\/generale\/invitatie-in-camera-de-sus.html","title":{"rendered":"Invita\u021bie \u00een camera de sus"},"content":{"rendered":"<p>1809. INVITA\u021aIE \u00ceN CAMERA DE SUS<br \/>\nTe port \u00een buzunarul c\u0103m\u0103\u0219ii de duminic\u0103,<br \/>\nTe port la piept, am inima prea mic\u0103,<br \/>\n\u00cen lista mea de rug\u0103ciune, eu te-am trecut pe tine,<br \/>\nAm \u00een\u021beles cam tot ce sim\u021bi, \u0219i eu \u00ee\u021bi vreau mai bine.<\/p>\n<p>Nu e rutin\u0103, nu e ritual, e dragoste divin\u0103,<br \/>\n\u00cen camera de sus, vibra\u021bie spre slav\u0103 \u0219i lumin\u0103,<br \/>\nDuminica, \u00eencepem s\u0103pt\u0103m\u00e2na cu Hristos,<br \/>\nDe aceea lista mea o port la piept frumos.<\/p>\n<p>Te port \u00een buzunarul c\u0103m\u0103\u0219ii de duminic\u0103,<br \/>\nCu elegan\u021b\u0103, delicate\u021be, privirea-n sus ridic\u0103,<br \/>\n\u00cenal\u021b\u0103 o rug\u0103ciune, \u00eencepe s\u0103pt\u0103m\u00e2na cu Hristos,<br \/>\nNu ca un ritual, nici din rutin\u0103, nu este frumos.<\/p>\n<p>Vibra\u021bie divin\u0103 vei sim\u021bi, \u00een camera de sus e mult\u0103 bucurie,<br \/>\nDe aceea te invit, din suflet \u00ee\u021bi transmit aceasta \u021bie,<br \/>\nNu-i ritual, dar inima tr\u0103ie\u0219te \u00eemplinit\u0103, bucuroas\u0103,<br \/>\nNu e rutin\u0103, e pur \u0219i simplu via\u021b\u0103, o via\u021b\u0103 mai frumoas\u0103.<br \/>\nEmilia Dinescu<\/p>\n","protected":false},"excerpt":{"rendered":"<p>1809. INVITA\u021aIE \u00ceN CAMERA DE SUS Te port \u00een buzunarul c\u0103m\u0103\u0219ii de duminic\u0103, Te port la piept, am inima prea mic\u0103, \u00cen lista mea de rug\u0103ciune, eu te-am trecut pe tine, Am \u00een\u021beles cam tot ce sim\u021bi, \u0219i eu \u00ee\u021bi vreau mai bine. Nu e rutin\u0103, nu e ritual, e dragoste divin\u0103, \u00cen camera de [&hellip;]<\/p>\n","protected":false},"author":47,"featured_media":0,"comment_status":"open","ping_status":"closed","sticky":false,"template":"","format":"standard","meta":{"_monsterinsights_skip_tracking":false,"_monsterinsights_sitenote_active":false,"_monsterinsights_sitenote_note":"","_monsterinsights_sitenote_category":0,"footnotes":""},"categories":[134],"tags":[],"class_list":["post-19073","post","type-post","status-publish","format-standard","hentry","category-generale"],"_links":{"self":[{"href":"https:\/\/intercer.net\/blogs\/poeziisieditoriale\/wp-json\/wp\/v2\/posts\/19073","targetHints":{"allow":["GET"]}}],"collection":[{"href":"https:\/\/intercer.net\/blogs\/poeziisieditoriale\/wp-json\/wp\/v2\/posts"}],"about":[{"href":"https:\/\/intercer.net\/blogs\/poeziisieditoriale\/wp-json\/wp\/v2\/types\/post"}],"author":[{"embeddable":true,"href":"https:\/\/intercer.net\/blogs\/poeziisieditoriale\/wp-json\/wp\/v2\/users\/47"}],"replies":[{"embeddable":true,"href":"https:\/\/intercer.net\/blogs\/poeziisieditoriale\/wp-json\/wp\/v2\/comments?post=19073"}],"version-history":[{"count":1,"href":"https:\/\/intercer.net\/blogs\/poeziisieditoriale\/wp-json\/wp\/v2\/posts\/19073\/revisions"}],"predecessor-version":[{"id":19074,"href":"https:\/\/intercer.net\/blogs\/poeziisieditoriale\/wp-json\/wp\/v2\/posts\/19073\/revisions\/19074"}],"wp:attachment":[{"href":"https:\/\/intercer.net\/blogs\/poeziisieditoriale\/wp-json\/wp\/v2\/media?parent=19073"}],"wp:term":[{"taxonomy":"category","embeddable":true,"href":"https:\/\/intercer.net\/blogs\/poeziisieditoriale\/wp-json\/wp\/v2\/categories?post=19073"},{"taxonomy":"post_tag","embeddable":true,"href":"https:\/\/intercer.net\/blogs\/poeziisieditoriale\/wp-json\/wp\/v2\/tags?post=19073"}],"curies":[{"name":"wp","href":"https:\/\/api.w.org\/{rel}","templated":true}]}}