{"id":19101,"date":"2025-08-03T04:46:55","date_gmt":"2025-08-03T11:46:55","guid":{"rendered":"https:\/\/intercer.net\/blogs\/poeziisieditoriale\/?p=19101"},"modified":"2025-08-03T04:46:55","modified_gmt":"2025-08-03T11:46:55","slug":"e-timpul-de-pe-urma","status":"publish","type":"post","link":"https:\/\/intercer.net\/blogs\/poeziisieditoriale\/generale\/e-timpul-de-pe-urma.html","title":{"rendered":"E timpul de pe urm\u0103"},"content":{"rendered":"<p>1821. E TIMPUL DE PE URM\u0102<br \/>\nE timpul de pe urm\u0103 \u0219i ne rug\u0103m fierbinte,<br \/>\nAscult\u0103 ruga noastr\u0103, c\u0103ci Tu ne e\u0219ti P\u0103rinte,<br \/>\nDin amor\u021birea mor\u021bii poporul \u00eel treze\u0219te,<br \/>\nCur\u00e2nd va veni Domnul, Cuv\u00e2ntul se \u00eempline\u0219te.<\/p>\n<p>Trimite Duhul sf\u00e2nt, s\u0103 ne rug\u0103m mai mult,<br \/>\n\u00cenva\u021b\u0103-m\u0103, \u00een rug\u0103 s\u0103 stau \u0219i s\u0103 ascult,<br \/>\nS\u0103 \u00een\u021beleg ce-mi spui, \u0219i apoi s\u0103 \u00eemplinesc,<br \/>\nPrin fapte \u0219i cuvinte eu vreau s\u0103 te sl\u0103vesc.<\/p>\n<p>E timpul de pe urm\u0103, cur\u00e2nd plec\u0103m acas\u0103,<br \/>\nSuntem poporul T\u0103u, suntem a Ta mireas\u0103,<br \/>\nTrimite Duhul sf\u00e2nt, pe noi ne preg\u0103te\u0219te,<br \/>\nS\u0103 st\u0103m \u00een a\u0219teptare, poporul a\u021bipe\u0219te.<\/p>\n<p>S\u0103 accept\u0103m ce vine, e spre trezirea noastr\u0103,<br \/>\nS\u0103 st\u0103m \u00een priveghere, cu ochii pe fereastr\u0103,<br \/>\nS-avem candela plin\u0103, c\u0103ci Mirele-i la u\u0219\u0103,<br \/>\nTrimite Duhul sf\u00e2nt, p\u0103catul f\u0103-l cenu\u0219\u0103.<\/p>\n<p>E timpul de pe urm\u0103, e timpul poc\u0103in\u021bei,<br \/>\nE timpul \u00eencerc\u0103rii, s\u0103 d\u0103m lupta credin\u021bei,<br \/>\nS\u0103 st\u0103m \u00een rug\u0103ciune, uni\u021bi ca azi, mereu,<br \/>\nNe-om \u00eent\u00e2lni \u00een ceruri apoi cu Dumnezeu.<br \/>\nEmilia Dinescu<\/p>\n","protected":false},"excerpt":{"rendered":"<p>1821. E TIMPUL DE PE URM\u0102 E timpul de pe urm\u0103 \u0219i ne rug\u0103m fierbinte, Ascult\u0103 ruga noastr\u0103, c\u0103ci Tu ne e\u0219ti P\u0103rinte, Din amor\u021birea mor\u021bii poporul \u00eel treze\u0219te, Cur\u00e2nd va veni Domnul, Cuv\u00e2ntul se \u00eempline\u0219te. Trimite Duhul sf\u00e2nt, s\u0103 ne rug\u0103m mai mult, \u00cenva\u021b\u0103-m\u0103, \u00een rug\u0103 s\u0103 stau \u0219i s\u0103 ascult, S\u0103 \u00een\u021beleg ce-mi [&hellip;]<\/p>\n","protected":false},"author":47,"featured_media":0,"comment_status":"open","ping_status":"closed","sticky":false,"template":"","format":"standard","meta":{"_monsterinsights_skip_tracking":false,"_monsterinsights_sitenote_active":false,"_monsterinsights_sitenote_note":"","_monsterinsights_sitenote_category":0,"footnotes":""},"categories":[134],"tags":[],"class_list":["post-19101","post","type-post","status-publish","format-standard","hentry","category-generale"],"_links":{"self":[{"href":"https:\/\/intercer.net\/blogs\/poeziisieditoriale\/wp-json\/wp\/v2\/posts\/19101","targetHints":{"allow":["GET"]}}],"collection":[{"href":"https:\/\/intercer.net\/blogs\/poeziisieditoriale\/wp-json\/wp\/v2\/posts"}],"about":[{"href":"https:\/\/intercer.net\/blogs\/poeziisieditoriale\/wp-json\/wp\/v2\/types\/post"}],"author":[{"embeddable":true,"href":"https:\/\/intercer.net\/blogs\/poeziisieditoriale\/wp-json\/wp\/v2\/users\/47"}],"replies":[{"embeddable":true,"href":"https:\/\/intercer.net\/blogs\/poeziisieditoriale\/wp-json\/wp\/v2\/comments?post=19101"}],"version-history":[{"count":1,"href":"https:\/\/intercer.net\/blogs\/poeziisieditoriale\/wp-json\/wp\/v2\/posts\/19101\/revisions"}],"predecessor-version":[{"id":19102,"href":"https:\/\/intercer.net\/blogs\/poeziisieditoriale\/wp-json\/wp\/v2\/posts\/19101\/revisions\/19102"}],"wp:attachment":[{"href":"https:\/\/intercer.net\/blogs\/poeziisieditoriale\/wp-json\/wp\/v2\/media?parent=19101"}],"wp:term":[{"taxonomy":"category","embeddable":true,"href":"https:\/\/intercer.net\/blogs\/poeziisieditoriale\/wp-json\/wp\/v2\/categories?post=19101"},{"taxonomy":"post_tag","embeddable":true,"href":"https:\/\/intercer.net\/blogs\/poeziisieditoriale\/wp-json\/wp\/v2\/tags?post=19101"}],"curies":[{"name":"wp","href":"https:\/\/api.w.org\/{rel}","templated":true}]}}