{"id":19103,"date":"2025-08-03T05:06:14","date_gmt":"2025-08-03T12:06:14","guid":{"rendered":"https:\/\/intercer.net\/blogs\/poeziisieditoriale\/?p=19103"},"modified":"2025-08-03T05:06:14","modified_gmt":"2025-08-03T12:06:14","slug":"izvorul-tamaduirii","status":"publish","type":"post","link":"https:\/\/intercer.net\/blogs\/poeziisieditoriale\/generale\/izvorul-tamaduirii.html","title":{"rendered":"Izvorul t\u0103m\u0103duirii"},"content":{"rendered":"<p>1822. IZVORUL T\u0102M\u0102DUIRII<br \/>\nIzvorul t\u0103m\u0103duirii este \u00eensu\u0219i Hristos,<br \/>\nNu cred c\u0103 poate exista ceva mult mai frumos,<br \/>\nEl vrea s\u0103 ne sp\u0103l\u0103m \u0219i s\u0103 ne cur\u0103\u021bim,<br \/>\n\u0218i este foarte simplu, pe El s\u0103 \u00eel primim.<\/p>\n<p>S\u0103 ne sp\u0103l\u0103m pe ochi, s\u0103 vedem adev\u0103rul,<br \/>\nS\u0103 ne sc\u0103ld\u0103m \u00een Tine, ca s\u0103 dispar\u0103 r\u0103ul,<br \/>\nS\u0103 bem \u0219i s\u0103 m\u00e2nc\u0103m, din trupul lui Hristos,<br \/>\nE timpul m\u00e2ntuirii, un timp prea pre\u021bios.<br \/>\nEmilia Dinescu<\/p>\n","protected":false},"excerpt":{"rendered":"<p>1822. IZVORUL T\u0102M\u0102DUIRII Izvorul t\u0103m\u0103duirii este \u00eensu\u0219i Hristos, Nu cred c\u0103 poate exista ceva mult mai frumos, El vrea s\u0103 ne sp\u0103l\u0103m \u0219i s\u0103 ne cur\u0103\u021bim, \u0218i este foarte simplu, pe El s\u0103 \u00eel primim. S\u0103 ne sp\u0103l\u0103m pe ochi, s\u0103 vedem adev\u0103rul, S\u0103 ne sc\u0103ld\u0103m \u00een Tine, ca s\u0103 dispar\u0103 r\u0103ul, S\u0103 bem \u0219i [&hellip;]<\/p>\n","protected":false},"author":47,"featured_media":0,"comment_status":"open","ping_status":"closed","sticky":false,"template":"","format":"standard","meta":{"_monsterinsights_skip_tracking":false,"_monsterinsights_sitenote_active":false,"_monsterinsights_sitenote_note":"","_monsterinsights_sitenote_category":0,"footnotes":""},"categories":[134],"tags":[],"class_list":["post-19103","post","type-post","status-publish","format-standard","hentry","category-generale"],"_links":{"self":[{"href":"https:\/\/intercer.net\/blogs\/poeziisieditoriale\/wp-json\/wp\/v2\/posts\/19103","targetHints":{"allow":["GET"]}}],"collection":[{"href":"https:\/\/intercer.net\/blogs\/poeziisieditoriale\/wp-json\/wp\/v2\/posts"}],"about":[{"href":"https:\/\/intercer.net\/blogs\/poeziisieditoriale\/wp-json\/wp\/v2\/types\/post"}],"author":[{"embeddable":true,"href":"https:\/\/intercer.net\/blogs\/poeziisieditoriale\/wp-json\/wp\/v2\/users\/47"}],"replies":[{"embeddable":true,"href":"https:\/\/intercer.net\/blogs\/poeziisieditoriale\/wp-json\/wp\/v2\/comments?post=19103"}],"version-history":[{"count":1,"href":"https:\/\/intercer.net\/blogs\/poeziisieditoriale\/wp-json\/wp\/v2\/posts\/19103\/revisions"}],"predecessor-version":[{"id":19104,"href":"https:\/\/intercer.net\/blogs\/poeziisieditoriale\/wp-json\/wp\/v2\/posts\/19103\/revisions\/19104"}],"wp:attachment":[{"href":"https:\/\/intercer.net\/blogs\/poeziisieditoriale\/wp-json\/wp\/v2\/media?parent=19103"}],"wp:term":[{"taxonomy":"category","embeddable":true,"href":"https:\/\/intercer.net\/blogs\/poeziisieditoriale\/wp-json\/wp\/v2\/categories?post=19103"},{"taxonomy":"post_tag","embeddable":true,"href":"https:\/\/intercer.net\/blogs\/poeziisieditoriale\/wp-json\/wp\/v2\/tags?post=19103"}],"curies":[{"name":"wp","href":"https:\/\/api.w.org\/{rel}","templated":true}]}}