{"id":2384,"date":"2011-12-15T01:46:28","date_gmt":"2011-12-15T09:46:28","guid":{"rendered":"http:\/\/intercer.net\/blogs\/poeziisieditoriale\/?p=2384"},"modified":"2011-12-25T02:33:06","modified_gmt":"2011-12-25T10:33:06","slug":"buna-vestire","status":"publish","type":"post","link":"https:\/\/intercer.net\/blogs\/poeziisieditoriale\/speranta\/buna-vestire.html","title":{"rendered":"Buna Vestire"},"content":{"rendered":"<p>Buna Vestire<\/p>\n<p>C\u00e2nd a fost \u00eemplinit timpul, al venirii lui Mesia<br \/>\nDin cer dela Dumnezeu, un \u00eenger a fost trimis<br \/>\n\u00cen Nazaret la o fecioar\u0103 \u015fi-adres\u00e2ndui-se a zis:<br \/>\n-Plec\u0103ciune mare \u0163ie, c\u0103ci \u0163i s-a dat har Maria!<\/p>\n<p>De aceea, \u00eentre femei, tu e\u015fti binecuv\u00e2ntat\u0103,<br \/>\nDomnul Sf\u00e2nt este cu tine, \u015fi aflat-ai \u00eendurare,<br \/>\nAm venit s\u0103 \u00ee\u0163i vestesc, s\u0103 te bucuri de urare<br \/>\nC\u0103-n a Lui sacr\u0103 putere vei r\u0103m\u00e2ne-ns\u0103rcinat\u0103!<\/p>\n<p>\u015ei-ai s\u0103 na\u015fti un copil Sf\u00e2nt cu numele de Isus,<br \/>\nFiul Celui Prea \u00cenalt, care pentru-al S\u0103u popor<br \/>\nPrin Duhul S-a \u00eentrupat, av\u00e2nd rol de Salvator<br \/>\nPentru un timp anumit, p\u0103r\u0103sind cerul de sus,<\/p>\n<p>Din p\u0103cat s\u0103-l m\u00e2ntuiasc\u0103, fiindu-i M\u00e2ntuitor!<br \/>\n-Fac\u0103-mi-se dup\u0103 cuv\u00e2nt, Maria atunci a spus,<br \/>\n\u015ei inima-i i-a tres\u0103ltat, bucur\u00e2ndu-se nespus<br \/>\nIar \u00eengerul a plecat, spre ceruri, \u00een falnic zbor.<\/p>\n<p>Flavius Laurian Duverna<br \/>\n14 decembrie 2011<\/p>\n","protected":false},"excerpt":{"rendered":"<p>Buna Vestire C\u00e2nd a fost \u00eemplinit timpul, al venirii lui Mesia Din cer dela Dumnezeu, un \u00eenger a fost trimis \u00cen Nazaret la o fecioar\u0103 \u015fi-adres\u00e2ndui-se a zis: -Plec\u0103ciune mare \u0163ie, c\u0103ci \u0163i s-a dat har Maria! De aceea, \u00eentre femei, tu e\u015fti binecuv\u00e2ntat\u0103, Domnul Sf\u00e2nt este cu tine, \u015fi aflat-ai \u00eendurare, Am venit s\u0103 [&hellip;]<\/p>\n","protected":false},"author":9,"featured_media":0,"comment_status":"open","ping_status":"closed","sticky":false,"template":"","format":"standard","meta":{"_monsterinsights_skip_tracking":false,"_monsterinsights_sitenote_active":false,"_monsterinsights_sitenote_note":"","_monsterinsights_sitenote_category":0,"footnotes":""},"categories":[136,134,135,127],"tags":[215,915,208,133,209,37,126,394],"class_list":["post-2384","post","type-post","status-publish","format-standard","hentry","category-evenimente","category-generale","category-isus-hristos","category-speranta","tag-duverna","tag-fecioara","tag-flavius","tag-isus","tag-laurian","tag-mesia","tag-poezie","tag-popor"],"_links":{"self":[{"href":"https:\/\/intercer.net\/blogs\/poeziisieditoriale\/wp-json\/wp\/v2\/posts\/2384","targetHints":{"allow":["GET"]}}],"collection":[{"href":"https:\/\/intercer.net\/blogs\/poeziisieditoriale\/wp-json\/wp\/v2\/posts"}],"about":[{"href":"https:\/\/intercer.net\/blogs\/poeziisieditoriale\/wp-json\/wp\/v2\/types\/post"}],"author":[{"embeddable":true,"href":"https:\/\/intercer.net\/blogs\/poeziisieditoriale\/wp-json\/wp\/v2\/users\/9"}],"replies":[{"embeddable":true,"href":"https:\/\/intercer.net\/blogs\/poeziisieditoriale\/wp-json\/wp\/v2\/comments?post=2384"}],"version-history":[{"count":5,"href":"https:\/\/intercer.net\/blogs\/poeziisieditoriale\/wp-json\/wp\/v2\/posts\/2384\/revisions"}],"predecessor-version":[{"id":2413,"href":"https:\/\/intercer.net\/blogs\/poeziisieditoriale\/wp-json\/wp\/v2\/posts\/2384\/revisions\/2413"}],"wp:attachment":[{"href":"https:\/\/intercer.net\/blogs\/poeziisieditoriale\/wp-json\/wp\/v2\/media?parent=2384"}],"wp:term":[{"taxonomy":"category","embeddable":true,"href":"https:\/\/intercer.net\/blogs\/poeziisieditoriale\/wp-json\/wp\/v2\/categories?post=2384"},{"taxonomy":"post_tag","embeddable":true,"href":"https:\/\/intercer.net\/blogs\/poeziisieditoriale\/wp-json\/wp\/v2\/tags?post=2384"}],"curies":[{"name":"wp","href":"https:\/\/api.w.org\/{rel}","templated":true}]}}