{"id":2669,"date":"2012-03-29T11:08:31","date_gmt":"2012-03-29T18:08:31","guid":{"rendered":"http:\/\/intercer.net\/blogs\/poeziisieditoriale\/?p=2669"},"modified":"2012-03-31T20:40:51","modified_gmt":"2012-04-01T03:40:51","slug":"chiar-daca-vantul-sufla-tare","status":"publish","type":"post","link":"https:\/\/intercer.net\/blogs\/poeziisieditoriale\/speranta\/chiar-daca-vantul-sufla-tare.html","title":{"rendered":"Chiar dac\u0103 v\u00e2ntul sufl\u0103 tare"},"content":{"rendered":"<p>Chiar dac\u0103 v\u00e2ntul sufl\u0103 tare<\/p>\n<p>Chiar dac\u0103 v\u00e2ntul sufl\u0103 tare<br \/>\nPeste corabia mea-n larg,<br \/>\nPe marea vie\u0163ii-n \u00eencercare<br \/>\nVoi arbora sus pe catarg<br \/>\nStindardul sf\u00e2nt al biruin\u0163ei,<br \/>\nSub scutul tare al credin\u0163ei.<\/p>\n<p>Chiar dac\u0103 v\u00e2ntul m\u0103 m\u00e2n\u0103<br \/>\nTot mai departe pe valuri,<br \/>\nGrija-\u0162i sf\u00e2nt\u0103, m\u0103 sprijin\u0103<br \/>\nS\u0103-mi ating sfintele idealuri,<br \/>\nCa \u00een credin\u0163\u0103 s\u0103 tot cresc<br \/>\n\u00cen drum spre Edenul ceresc.<\/p>\n<p>Chiar dac\u0103 v\u00e2ntul m\u0103 \u0163ine<br \/>\n\u00cen loc, eu vr\u00e2nd s\u0103 \u00eenaintez,<br \/>\nSperan\u0163\u0103 am Doamne la Tine,<br \/>\n\u015ei mi-am \u00eentemeiat un crez<br \/>\nBazat pe dragostea Ta mare,<br \/>\nC\u0103 \u00eemi e\u015fti St\u00e2nc\u0103 de salvare!<\/p>\n<p>\u015ei chiar dac\u0103 v\u00e2ntul m\u0103 bate<br \/>\nPe marea vie\u0163ii, prin furie,<br \/>\nLovindu-m\u0103-n fa\u0163\u0103 \u015fi-n spate,<br \/>\n\u00cen contra lui, stau cu t\u0103rie<br \/>\n\u00cen valuri mari ce le men\u0163ine,<br \/>\nC\u0103ci Doamne e\u015fti l\u00e2ng\u0103 mine!<\/p>\n<p>Flavius Laurian Duverna<br \/>\n21 februarie 2012<\/p>\n","protected":false},"excerpt":{"rendered":"<p>Chiar dac\u0103 v\u00e2ntul sufl\u0103 tare Chiar dac\u0103 v\u00e2ntul sufl\u0103 tare Peste corabia mea-n larg, Pe marea vie\u0163ii-n \u00eencercare Voi arbora sus pe catarg Stindardul sf\u00e2nt al biruin\u0163ei, Sub scutul tare al credin\u0163ei. Chiar dac\u0103 v\u00e2ntul m\u0103 m\u00e2n\u0103 Tot mai departe pe valuri, Grija-\u0162i sf\u00e2nt\u0103, m\u0103 sprijin\u0103 S\u0103-mi ating sfintele idealuri, Ca \u00een credin\u0163\u0103 s\u0103 tot [&hellip;]<\/p>\n","protected":false},"author":9,"featured_media":0,"comment_status":"open","ping_status":"closed","sticky":false,"template":"","format":"standard","meta":{"_monsterinsights_skip_tracking":false,"_monsterinsights_sitenote_active":false,"_monsterinsights_sitenote_note":"","_monsterinsights_sitenote_category":0,"footnotes":""},"categories":[134,127],"tags":[215,208,6997,209,126,47],"class_list":["post-2669","post","type-post","status-publish","format-standard","hentry","category-generale","category-speranta","tag-duverna","tag-flavius","tag-incercare","tag-laurian","tag-poezie","tag-salvare"],"_links":{"self":[{"href":"https:\/\/intercer.net\/blogs\/poeziisieditoriale\/wp-json\/wp\/v2\/posts\/2669","targetHints":{"allow":["GET"]}}],"collection":[{"href":"https:\/\/intercer.net\/blogs\/poeziisieditoriale\/wp-json\/wp\/v2\/posts"}],"about":[{"href":"https:\/\/intercer.net\/blogs\/poeziisieditoriale\/wp-json\/wp\/v2\/types\/post"}],"author":[{"embeddable":true,"href":"https:\/\/intercer.net\/blogs\/poeziisieditoriale\/wp-json\/wp\/v2\/users\/9"}],"replies":[{"embeddable":true,"href":"https:\/\/intercer.net\/blogs\/poeziisieditoriale\/wp-json\/wp\/v2\/comments?post=2669"}],"version-history":[{"count":5,"href":"https:\/\/intercer.net\/blogs\/poeziisieditoriale\/wp-json\/wp\/v2\/posts\/2669\/revisions"}],"predecessor-version":[{"id":2684,"href":"https:\/\/intercer.net\/blogs\/poeziisieditoriale\/wp-json\/wp\/v2\/posts\/2669\/revisions\/2684"}],"wp:attachment":[{"href":"https:\/\/intercer.net\/blogs\/poeziisieditoriale\/wp-json\/wp\/v2\/media?parent=2669"}],"wp:term":[{"taxonomy":"category","embeddable":true,"href":"https:\/\/intercer.net\/blogs\/poeziisieditoriale\/wp-json\/wp\/v2\/categories?post=2669"},{"taxonomy":"post_tag","embeddable":true,"href":"https:\/\/intercer.net\/blogs\/poeziisieditoriale\/wp-json\/wp\/v2\/tags?post=2669"}],"curies":[{"name":"wp","href":"https:\/\/api.w.org\/{rel}","templated":true}]}}