{"id":2803,"date":"2012-05-09T01:10:45","date_gmt":"2012-05-09T08:10:45","guid":{"rendered":"http:\/\/intercer.net\/blogs\/poeziisieditoriale\/?p=2803"},"modified":"2012-05-09T01:13:46","modified_gmt":"2012-05-09T08:13:46","slug":"ce-pace-sfanta","status":"publish","type":"post","link":"https:\/\/intercer.net\/blogs\/poeziisieditoriale\/speranta\/ce-pace-sfanta.html","title":{"rendered":"Ce pace sf\u00e2nt\u0103!&#8230;"},"content":{"rendered":"<p>Ce pace sf\u00e2nt\u0103!&#8230;<\/p>\n<p>Ce Pace sf\u00e2nt\u0103 \u015fi solemn\u0103<br \/>\nDoamne bun mi-ai d\u0103ruit<br \/>\nC\u00e2nd harul sf\u00e2nt l-am aflat<br \/>\nPrin Fiul T\u0103u scump, iubit,<br \/>\nCe la Calvar, El s-a jertfit!<\/p>\n<p>Pentru a noastr\u0103 m\u00e2ntuire<br \/>\nPe crucea Golgotei-n\u0103l\u0163at\u0103,<br \/>\nEl S-a pus pre\u0163 de salvare<br \/>\nPrin jertfa-n r\u0103scump\u0103rare,<br \/>\n\u015ei-a mor\u0163ii-os\u00e2nd\u0103 ridicat\u0103!<\/p>\n<p>Ce pace sf\u00e2nt\u0103 \u015fi m\u0103rea\u0163\u0103<br \/>\nMi-a adus Calvaru-n s\u00e2nge,<br \/>\nD\u00e2ndu-mi marea m\u00e2ntuire<br \/>\nPrin scumpa-I neprih\u0103nire<br \/>\n\u00cen iubirea de-a ne str\u00e2nge!<\/p>\n<p>Ca s\u0103 fim iar pu\u015fi \u00een drept<br \/>\nCum am fost de la-nceput<br \/>\nPrin crea\u0163ia-n des\u0103v\u00e2r\u015fire,<br \/>\nJertfa scump\u0103-n izb\u0103vire<br \/>\nPe Tat\u0103l Ceresc L-a durut.<\/p>\n<p>Ce pace sf\u00e2nt\u0103 \u015fi sublim\u0103<br \/>\nLa cruce Doamne am g\u0103sit,<br \/>\nC\u0103ci acolo, Dumnezeirea<br \/>\n\u015ei-a f\u0103cut clar m\u0103rturisirea:<br \/>\nC\u0103 cer \u015fi p\u0103m\u00e2nt s-au unit!<\/p>\n<p>S-au unit pentru a spune<br \/>\nCea mai mare Veste Bun\u0103<br \/>\n\u015ei-altor lumi din Univers,<br \/>\nC\u0103-n Isus, au un alt mers<br \/>\nLibere, de a r\u0103ului furtun\u0103.<\/p>\n<p>Flavius Laurian Duverna<br \/>\n19 martie 2012<\/p>\n","protected":false},"excerpt":{"rendered":"<p>Ce pace sf\u00e2nt\u0103!&#8230; Ce Pace sf\u00e2nt\u0103 \u015fi solemn\u0103 Doamne bun mi-ai d\u0103ruit C\u00e2nd harul sf\u00e2nt l-am aflat Prin Fiul T\u0103u scump, iubit, Ce la Calvar, El s-a jertfit! Pentru a noastr\u0103 m\u00e2ntuire Pe crucea Golgotei-n\u0103l\u0163at\u0103, El S-a pus pre\u0163 de salvare Prin jertfa-n r\u0103scump\u0103rare, \u015ei-a mor\u0163ii-os\u00e2nd\u0103 ridicat\u0103! Ce pace sf\u00e2nt\u0103 \u015fi m\u0103rea\u0163\u0103 Mi-a adus Calvaru-n [&hellip;]<\/p>\n","protected":false},"author":9,"featured_media":0,"comment_status":"open","ping_status":"closed","sticky":false,"template":"","format":"standard","meta":{"_monsterinsights_skip_tracking":false,"_monsterinsights_sitenote_active":false,"_monsterinsights_sitenote_note":"","_monsterinsights_sitenote_category":0,"footnotes":""},"categories":[134,127],"tags":[215,208,209,214,126,47],"class_list":["post-2803","post","type-post","status-publish","format-standard","hentry","category-generale","category-speranta","tag-duverna","tag-flavius","tag-laurian","tag-mantuire","tag-poezie","tag-salvare"],"_links":{"self":[{"href":"https:\/\/intercer.net\/blogs\/poeziisieditoriale\/wp-json\/wp\/v2\/posts\/2803","targetHints":{"allow":["GET"]}}],"collection":[{"href":"https:\/\/intercer.net\/blogs\/poeziisieditoriale\/wp-json\/wp\/v2\/posts"}],"about":[{"href":"https:\/\/intercer.net\/blogs\/poeziisieditoriale\/wp-json\/wp\/v2\/types\/post"}],"author":[{"embeddable":true,"href":"https:\/\/intercer.net\/blogs\/poeziisieditoriale\/wp-json\/wp\/v2\/users\/9"}],"replies":[{"embeddable":true,"href":"https:\/\/intercer.net\/blogs\/poeziisieditoriale\/wp-json\/wp\/v2\/comments?post=2803"}],"version-history":[{"count":2,"href":"https:\/\/intercer.net\/blogs\/poeziisieditoriale\/wp-json\/wp\/v2\/posts\/2803\/revisions"}],"predecessor-version":[{"id":2806,"href":"https:\/\/intercer.net\/blogs\/poeziisieditoriale\/wp-json\/wp\/v2\/posts\/2803\/revisions\/2806"}],"wp:attachment":[{"href":"https:\/\/intercer.net\/blogs\/poeziisieditoriale\/wp-json\/wp\/v2\/media?parent=2803"}],"wp:term":[{"taxonomy":"category","embeddable":true,"href":"https:\/\/intercer.net\/blogs\/poeziisieditoriale\/wp-json\/wp\/v2\/categories?post=2803"},{"taxonomy":"post_tag","embeddable":true,"href":"https:\/\/intercer.net\/blogs\/poeziisieditoriale\/wp-json\/wp\/v2\/tags?post=2803"}],"curies":[{"name":"wp","href":"https:\/\/api.w.org\/{rel}","templated":true}]}}