{"id":2882,"date":"2012-05-31T04:18:15","date_gmt":"2012-05-31T11:18:15","guid":{"rendered":"http:\/\/intercer.net\/blogs\/poeziisieditoriale\/?p=2882"},"modified":"2012-05-31T09:18:01","modified_gmt":"2012-05-31T16:18:01","slug":"am-plecat-spre-spre-tara-sfanta","status":"publish","type":"post","link":"https:\/\/intercer.net\/blogs\/poeziisieditoriale\/speranta\/am-plecat-spre-spre-tara-sfanta.html","title":{"rendered":"Aprinde-mi Doamne, sufletul!"},"content":{"rendered":"<p>Aprinde-mi Doamne, sufletul!<\/p>\n<p>Aprinde-mi Doamne, sufletul<br \/>\nCu-a Ta iubire mult prea mare<br \/>\nCe S-a expus s\u0103-mi dea salvare,<br \/>\nS\u0103-mi lumineze-n har cugetul,<br \/>\nS\u0103-mi \u00eennoiasc\u0103 \u00eentreaga fire<br \/>\n\u00cen lupta grea spre des\u0103v\u00e2r\u015fire!<\/p>\n<p>Aprinde-mi Doamne, sufletul<br \/>\nCu-a Ta lumin\u0103 din Golgota<br \/>\nCe-a stat trei zile pus\u0103-n grota<br \/>\nMorm\u00e2ntului, oprind pl\u00e2nsetul<br \/>\nAtunci c\u00e2nd viu, Te-ai ar\u0103tat<br \/>\nSpun\u00e2nd c\u0103-n zori Tu-ai-nviat!<\/p>\n<p>Aprinde-mi Doamne, sufletul<br \/>\nS\u0103 ard\u0103 \u00een dragostea Ta mare<br \/>\nPe-altarul jertfei, \u00eentru salvare,<br \/>\nZilnic s\u0103-mi \u00eendrept umbletul,<br \/>\nPrin dragoste merg\u00e2nd nainte<br \/>\nPe c\u0103ile Tale, drepte \u015fi sfinte!<\/p>\n<p>Cu r\u00e2vn\u0103 s\u0103-\u0162i vestesc iubirea<br \/>\nCum la Calvar prin r\u0103stignire,<br \/>\n\u00cendeplin\u00e2nd scumpa izb\u0103vire<br \/>\nEa, s-a materializat \u00een umilirea<br \/>\nPrin dezbr\u0103carea-\u0162i de m\u0103rire,<br \/>\nCa s\u0103 aduci scumpa m\u00e2ntuire!<\/p>\n<p>Flavius Laurian Duverna<br \/>\n03 aprilie 2012<\/p>\n","protected":false},"excerpt":{"rendered":"<p>Aprinde-mi Doamne, sufletul! Aprinde-mi Doamne, sufletul Cu-a Ta iubire mult prea mare Ce S-a expus s\u0103-mi dea salvare, S\u0103-mi lumineze-n har cugetul, S\u0103-mi \u00eennoiasc\u0103 \u00eentreaga fire \u00cen lupta grea spre des\u0103v\u00e2r\u015fire! Aprinde-mi Doamne, sufletul Cu-a Ta lumin\u0103 din Golgota Ce-a stat trei zile pus\u0103-n grota Morm\u00e2ntului, oprind pl\u00e2nsetul Atunci c\u00e2nd viu, Te-ai ar\u0103tat Spun\u00e2nd c\u0103-n [&hellip;]<\/p>\n","protected":false},"author":9,"featured_media":0,"comment_status":"open","ping_status":"closed","sticky":false,"template":"","format":"standard","meta":{"_monsterinsights_skip_tracking":false,"_monsterinsights_sitenote_active":false,"_monsterinsights_sitenote_note":"","_monsterinsights_sitenote_category":0,"footnotes":""},"categories":[134,127],"tags":[215,208,209,214,126,47],"class_list":["post-2882","post","type-post","status-publish","format-standard","hentry","category-generale","category-speranta","tag-duverna","tag-flavius","tag-laurian","tag-mantuire","tag-poezie","tag-salvare"],"_links":{"self":[{"href":"https:\/\/intercer.net\/blogs\/poeziisieditoriale\/wp-json\/wp\/v2\/posts\/2882","targetHints":{"allow":["GET"]}}],"collection":[{"href":"https:\/\/intercer.net\/blogs\/poeziisieditoriale\/wp-json\/wp\/v2\/posts"}],"about":[{"href":"https:\/\/intercer.net\/blogs\/poeziisieditoriale\/wp-json\/wp\/v2\/types\/post"}],"author":[{"embeddable":true,"href":"https:\/\/intercer.net\/blogs\/poeziisieditoriale\/wp-json\/wp\/v2\/users\/9"}],"replies":[{"embeddable":true,"href":"https:\/\/intercer.net\/blogs\/poeziisieditoriale\/wp-json\/wp\/v2\/comments?post=2882"}],"version-history":[{"count":4,"href":"https:\/\/intercer.net\/blogs\/poeziisieditoriale\/wp-json\/wp\/v2\/posts\/2882\/revisions"}],"predecessor-version":[{"id":2891,"href":"https:\/\/intercer.net\/blogs\/poeziisieditoriale\/wp-json\/wp\/v2\/posts\/2882\/revisions\/2891"}],"wp:attachment":[{"href":"https:\/\/intercer.net\/blogs\/poeziisieditoriale\/wp-json\/wp\/v2\/media?parent=2882"}],"wp:term":[{"taxonomy":"category","embeddable":true,"href":"https:\/\/intercer.net\/blogs\/poeziisieditoriale\/wp-json\/wp\/v2\/categories?post=2882"},{"taxonomy":"post_tag","embeddable":true,"href":"https:\/\/intercer.net\/blogs\/poeziisieditoriale\/wp-json\/wp\/v2\/tags?post=2882"}],"curies":[{"name":"wp","href":"https:\/\/api.w.org\/{rel}","templated":true}]}}