{"id":2907,"date":"2012-05-31T10:21:27","date_gmt":"2012-05-31T17:21:27","guid":{"rendered":"http:\/\/intercer.net\/blogs\/poeziisieditoriale\/?p=2907"},"modified":"2012-05-31T10:24:00","modified_gmt":"2012-05-31T17:24:00","slug":"binecuvantari-o-doamne-3","status":"publish","type":"post","link":"https:\/\/intercer.net\/blogs\/poeziisieditoriale\/speranta\/binecuvantari-o-doamne-3.html","title":{"rendered":"Binecuv\u00e2nt\u0103ri, o Doamne!"},"content":{"rendered":"<p>Binecuv\u00e2nt\u0103ri, o Doamne!<\/p>\n<p>Binecuv\u00e2nt\u0103ri, o Doamne<br \/>\nPeste-ai T\u0103i copii revars\u0103,<br \/>\nC\u0103ci \u00een lupta crunt\u0103 a vie\u0163ii<br \/>\nCel r\u0103u focul tot \u00ee\u015fi vars\u0103,<br \/>\nCu scop repede s\u0103 \u00eenghit\u0103<br \/>\nPe cei drep\u0163i cu-a sa ispit\u0103!<\/p>\n<p>Binecuv\u00e2nt\u0103ri, o Doamne<br \/>\nS\u0103 trimi\u0163i din sl\u0103vi cere\u015fti,<br \/>\nPeste-ai T\u0103i copii ce strig\u0103<br \/>\n&#8216;N rug\u0103ciuni, ca s\u0103-i p\u0103ze\u015fti,<br \/>\nCa cel r\u0103u s\u0103 nu-i doboare<br \/>\nDe pe-a Ta sf\u00e2nt\u0103 c\u0103rare!<\/p>\n<p>Binecuv\u00e2nt\u0103ri, o Doamne<br \/>\nTu s\u0103 rever\u015fi, zi \u015fi noapte,<br \/>\nPeste-ai T\u0103i copii ce-n rug\u0103<br \/>\n\u015ei-n str\u0103duin\u0163i ca prin fapte<br \/>\nVor deplin, s\u0103-\u015fi manifeste<br \/>\nDragostea ce-o pre\u0163uie\u015fte!<\/p>\n<p>Binecuv\u00e2nt\u0103ri, o Doamne<br \/>\nTu s\u0103 la\u015fi, din abunden\u0163\u0103<br \/>\nPeste-ntregul T\u0103u popor,<br \/>\nCe dore\u015fte-a Ta prezen\u0163\u0103<br \/>\nDe-asupra-i ca s\u0103 pluteasc\u0103<br \/>\nVenind din slava cereasc\u0103!<\/p>\n<p>Flavius Laurian Duverna<br \/>\n03 aprilie 2012<\/p>\n","protected":false},"excerpt":{"rendered":"<p>Binecuv\u00e2nt\u0103ri, o Doamne! Binecuv\u00e2nt\u0103ri, o Doamne Peste-ai T\u0103i copii revars\u0103, C\u0103ci \u00een lupta crunt\u0103 a vie\u0163ii Cel r\u0103u focul tot \u00ee\u015fi vars\u0103, Cu scop repede s\u0103 \u00eenghit\u0103 Pe cei drep\u0163i cu-a sa ispit\u0103! Binecuv\u00e2nt\u0103ri, o Doamne S\u0103 trimi\u0163i din sl\u0103vi cere\u015fti, Peste-ai T\u0103i copii ce strig\u0103 &#8216;N rug\u0103ciuni, ca s\u0103-i p\u0103ze\u015fti, Ca cel r\u0103u s\u0103 [&hellip;]<\/p>\n","protected":false},"author":9,"featured_media":0,"comment_status":"open","ping_status":"closed","sticky":false,"template":"","format":"standard","meta":{"_monsterinsights_skip_tracking":false,"_monsterinsights_sitenote_active":false,"_monsterinsights_sitenote_note":"","_monsterinsights_sitenote_category":0,"footnotes":""},"categories":[134,127],"tags":[7622,215,208,209,126,394],"class_list":["post-2907","post","type-post","status-publish","format-standard","hentry","category-generale","category-speranta","tag-carare","tag-duverna","tag-flavius","tag-laurian","tag-poezie","tag-popor"],"_links":{"self":[{"href":"https:\/\/intercer.net\/blogs\/poeziisieditoriale\/wp-json\/wp\/v2\/posts\/2907","targetHints":{"allow":["GET"]}}],"collection":[{"href":"https:\/\/intercer.net\/blogs\/poeziisieditoriale\/wp-json\/wp\/v2\/posts"}],"about":[{"href":"https:\/\/intercer.net\/blogs\/poeziisieditoriale\/wp-json\/wp\/v2\/types\/post"}],"author":[{"embeddable":true,"href":"https:\/\/intercer.net\/blogs\/poeziisieditoriale\/wp-json\/wp\/v2\/users\/9"}],"replies":[{"embeddable":true,"href":"https:\/\/intercer.net\/blogs\/poeziisieditoriale\/wp-json\/wp\/v2\/comments?post=2907"}],"version-history":[{"count":2,"href":"https:\/\/intercer.net\/blogs\/poeziisieditoriale\/wp-json\/wp\/v2\/posts\/2907\/revisions"}],"predecessor-version":[{"id":2913,"href":"https:\/\/intercer.net\/blogs\/poeziisieditoriale\/wp-json\/wp\/v2\/posts\/2907\/revisions\/2913"}],"wp:attachment":[{"href":"https:\/\/intercer.net\/blogs\/poeziisieditoriale\/wp-json\/wp\/v2\/media?parent=2907"}],"wp:term":[{"taxonomy":"category","embeddable":true,"href":"https:\/\/intercer.net\/blogs\/poeziisieditoriale\/wp-json\/wp\/v2\/categories?post=2907"},{"taxonomy":"post_tag","embeddable":true,"href":"https:\/\/intercer.net\/blogs\/poeziisieditoriale\/wp-json\/wp\/v2\/tags?post=2907"}],"curies":[{"name":"wp","href":"https:\/\/api.w.org\/{rel}","templated":true}]}}