{"id":2976,"date":"2012-06-19T19:52:25","date_gmt":"2012-06-20T02:52:25","guid":{"rendered":"http:\/\/intercer.net\/blogs\/poeziisieditoriale\/?p=2976"},"modified":"2012-06-19T20:15:56","modified_gmt":"2012-06-20T03:15:56","slug":"treccea-isus-inspre-golgota","status":"publish","type":"post","link":"https:\/\/intercer.net\/blogs\/poeziisieditoriale\/speranta\/treccea-isus-inspre-golgota.html","title":{"rendered":"Treccea Isus \u00eenspre Golgota"},"content":{"rendered":"<p>Trecea Isus, \u00eenspre Golgota<\/p>\n<p>Trecea Isus, \u00eenspre Golgota<br \/>\nDuc\u00e2ndu-\u015ei crucea istovit,<br \/>\n\u00cen fruntea gloatei ce-L urma<br \/>\nDe zbuciumul nop\u0163ii-obosit,<br \/>\nSpre-a-L judeca fiind purtat<br \/>\nLa Ana, Caiafa, Irod \u015fi Pilat<br \/>\nCare-n final, L-a condamnat<br \/>\nPe-un lemn s\u0103 fie at\u00e2rnat.<\/p>\n<p>Trecea Isus, \u00eenspre Golgota<br \/>\nPurt\u00e2nd cununa cea de spini,<br \/>\n\u015ei pe-al S\u0103u cap ce-ns\u00e2ngera<br \/>\nStr\u0103luceau picuri de rubini,<br \/>\nErau picuri de s\u00e2nge sf\u00e2nt<br \/>\nCare curgeau peste p\u0103m\u00e2nt<br \/>\n\u015ei \u00eent\u0103reau noul Leg\u0103m\u00e2nt<br \/>\nCum prescris era-n Cuv\u00e2nt.<\/p>\n<p>Trecea Isus, \u00eenspre Golgota<br \/>\nPurt\u00e2nd a lumii greu p\u0103cat,<br \/>\nCa-n planul cel de-a o salva<br \/>\nS\u0103 se dea drept, ca vinovat,<br \/>\n\u015ei-n jertfa r\u0103scump\u0103r\u0103toare<br \/>\nS-aduc\u0103 celor mul\u0163i salvare,<br \/>\nDup\u0103 ce mor\u0163ii, prin predare<br \/>\nLe-a confirmat deplin iertare.<\/p>\n<p>Flavius Laurian Duverna<br \/>\n15 aprilie 2012<\/p>\n","protected":false},"excerpt":{"rendered":"<p>Trecea Isus, \u00eenspre Golgota Trecea Isus, \u00eenspre Golgota Duc\u00e2ndu-\u015ei crucea istovit, \u00cen fruntea gloatei ce-L urma De zbuciumul nop\u0163ii-obosit, Spre-a-L judeca fiind purtat La Ana, Caiafa, Irod \u015fi Pilat Care-n final, L-a condamnat Pe-un lemn s\u0103 fie at\u00e2rnat. Trecea Isus, \u00eenspre Golgota Purt\u00e2nd cununa cea de spini, \u015ei pe-al S\u0103u cap ce-ns\u00e2ngera Str\u0103luceau picuri de [&hellip;]<\/p>\n","protected":false},"author":9,"featured_media":0,"comment_status":"open","ping_status":"closed","sticky":false,"template":"","format":"standard","meta":{"_monsterinsights_skip_tracking":false,"_monsterinsights_sitenote_active":false,"_monsterinsights_sitenote_note":"","_monsterinsights_sitenote_category":0,"footnotes":""},"categories":[134,135,127],"tags":[215,208,245,209,502,126],"class_list":["post-2976","post","type-post","status-publish","format-standard","hentry","category-generale","category-isus-hristos","category-speranta","tag-duverna","tag-flavius","tag-golgota","tag-laurian","tag-pilat","tag-poezie"],"_links":{"self":[{"href":"https:\/\/intercer.net\/blogs\/poeziisieditoriale\/wp-json\/wp\/v2\/posts\/2976","targetHints":{"allow":["GET"]}}],"collection":[{"href":"https:\/\/intercer.net\/blogs\/poeziisieditoriale\/wp-json\/wp\/v2\/posts"}],"about":[{"href":"https:\/\/intercer.net\/blogs\/poeziisieditoriale\/wp-json\/wp\/v2\/types\/post"}],"author":[{"embeddable":true,"href":"https:\/\/intercer.net\/blogs\/poeziisieditoriale\/wp-json\/wp\/v2\/users\/9"}],"replies":[{"embeddable":true,"href":"https:\/\/intercer.net\/blogs\/poeziisieditoriale\/wp-json\/wp\/v2\/comments?post=2976"}],"version-history":[{"count":2,"href":"https:\/\/intercer.net\/blogs\/poeziisieditoriale\/wp-json\/wp\/v2\/posts\/2976\/revisions"}],"predecessor-version":[{"id":3009,"href":"https:\/\/intercer.net\/blogs\/poeziisieditoriale\/wp-json\/wp\/v2\/posts\/2976\/revisions\/3009"}],"wp:attachment":[{"href":"https:\/\/intercer.net\/blogs\/poeziisieditoriale\/wp-json\/wp\/v2\/media?parent=2976"}],"wp:term":[{"taxonomy":"category","embeddable":true,"href":"https:\/\/intercer.net\/blogs\/poeziisieditoriale\/wp-json\/wp\/v2\/categories?post=2976"},{"taxonomy":"post_tag","embeddable":true,"href":"https:\/\/intercer.net\/blogs\/poeziisieditoriale\/wp-json\/wp\/v2\/tags?post=2976"}],"curies":[{"name":"wp","href":"https:\/\/api.w.org\/{rel}","templated":true}]}}