{"id":2990,"date":"2012-06-19T19:54:20","date_gmt":"2012-06-20T02:54:20","guid":{"rendered":"http:\/\/intercer.net\/blogs\/poeziisieditoriale\/?p=2990"},"modified":"2012-06-19T20:13:53","modified_gmt":"2012-06-20T03:13:53","slug":"ti-aducem-doamne-azi-cantare","status":"publish","type":"post","link":"https:\/\/intercer.net\/blogs\/poeziisieditoriale\/speranta\/ti-aducem-doamne-azi-cantare.html","title":{"rendered":"\u0162i-aducem Doamne azi c\u00e2ntare"},"content":{"rendered":"<p>\u0162i-aducem Doamne azi c\u00e2ntare!<\/p>\n<p>\u0162i-aducem Doamne azi c\u00e2ntare<br \/>\nC\u00e2ntare-n veci de pream\u0103rire<br \/>\nPentru-a Ta scump\u0103 m\u00e2ntuire,<br \/>\nCe ne-ai redat-o-n jertfa mare<br \/>\nDin Golgota-n dragostea care<br \/>\nDispus\u0103-a fost pentru jertfire!<\/p>\n<p>\u0162i-aducem Doamne azi m\u0103rire<br \/>\nM\u0103rire-n veci pentru salvare<br \/>\nPrin jertfa Ta r\u0103scump\u0103r\u0103toare,<br \/>\nCe ne-a adus sf\u00e2nta izb\u0103vire<br \/>\nPrin cea mai cr\u00e2ncen\u0103 umilire<br \/>\nSub a p\u0103catului, grea ap\u0103sare!<\/p>\n<p>\u0162i-aducem Doamne \u00eenchinare<br \/>\n\u015ei slav\u0103-n gloria-\u0162i preasf\u00e2nt\u0103,<br \/>\n\u015ei trup \u015fi suflet, toate-\u0162i c\u00e2nt\u0103<br \/>\nPrin respect sacru, \u015fi-adorare,<br \/>\nPrin cea mai dulce consacrare<br \/>\nA inimii, -n Duhul ne\u00eenfr\u00e2nt\u0103!<\/p>\n<p>Flavius Laurian Duverna<br \/>\n16 aprilie 2012<\/p>\n","protected":false},"excerpt":{"rendered":"<p>\u0162i-aducem Doamne azi c\u00e2ntare! \u0162i-aducem Doamne azi c\u00e2ntare C\u00e2ntare-n veci de pream\u0103rire Pentru-a Ta scump\u0103 m\u00e2ntuire, Ce ne-ai redat-o-n jertfa mare Din Golgota-n dragostea care Dispus\u0103-a fost pentru jertfire! \u0162i-aducem Doamne azi m\u0103rire M\u0103rire-n veci pentru salvare Prin jertfa Ta r\u0103scump\u0103r\u0103toare, Ce ne-a adus sf\u00e2nta izb\u0103vire Prin cea mai cr\u00e2ncen\u0103 umilire Sub a p\u0103catului, grea [&hellip;]<\/p>\n","protected":false},"author":9,"featured_media":0,"comment_status":"open","ping_status":"closed","sticky":false,"template":"","format":"standard","meta":{"_monsterinsights_skip_tracking":false,"_monsterinsights_sitenote_active":false,"_monsterinsights_sitenote_note":"","_monsterinsights_sitenote_category":0,"footnotes":""},"categories":[134,139,127],"tags":[416,215,208,209,214,126],"class_list":["post-2990","post","type-post","status-publish","format-standard","hentry","category-generale","category-lauda","category-speranta","tag-cantare","tag-duverna","tag-flavius","tag-laurian","tag-mantuire","tag-poezie"],"_links":{"self":[{"href":"https:\/\/intercer.net\/blogs\/poeziisieditoriale\/wp-json\/wp\/v2\/posts\/2990","targetHints":{"allow":["GET"]}}],"collection":[{"href":"https:\/\/intercer.net\/blogs\/poeziisieditoriale\/wp-json\/wp\/v2\/posts"}],"about":[{"href":"https:\/\/intercer.net\/blogs\/poeziisieditoriale\/wp-json\/wp\/v2\/types\/post"}],"author":[{"embeddable":true,"href":"https:\/\/intercer.net\/blogs\/poeziisieditoriale\/wp-json\/wp\/v2\/users\/9"}],"replies":[{"embeddable":true,"href":"https:\/\/intercer.net\/blogs\/poeziisieditoriale\/wp-json\/wp\/v2\/comments?post=2990"}],"version-history":[{"count":2,"href":"https:\/\/intercer.net\/blogs\/poeziisieditoriale\/wp-json\/wp\/v2\/posts\/2990\/revisions"}],"predecessor-version":[{"id":3008,"href":"https:\/\/intercer.net\/blogs\/poeziisieditoriale\/wp-json\/wp\/v2\/posts\/2990\/revisions\/3008"}],"wp:attachment":[{"href":"https:\/\/intercer.net\/blogs\/poeziisieditoriale\/wp-json\/wp\/v2\/media?parent=2990"}],"wp:term":[{"taxonomy":"category","embeddable":true,"href":"https:\/\/intercer.net\/blogs\/poeziisieditoriale\/wp-json\/wp\/v2\/categories?post=2990"},{"taxonomy":"post_tag","embeddable":true,"href":"https:\/\/intercer.net\/blogs\/poeziisieditoriale\/wp-json\/wp\/v2\/tags?post=2990"}],"curies":[{"name":"wp","href":"https:\/\/api.w.org\/{rel}","templated":true}]}}