{"id":3018,"date":"2012-06-29T01:26:00","date_gmt":"2012-06-29T08:26:00","guid":{"rendered":"http:\/\/intercer.net\/blogs\/poeziisieditoriale\/?p=3018"},"modified":"2012-07-04T20:11:26","modified_gmt":"2012-07-05T03:11:26","slug":"calatoresc-spre-cerul-minunat","status":"publish","type":"post","link":"https:\/\/intercer.net\/blogs\/poeziisieditoriale\/speranta\/calatoresc-spre-cerul-minunat.html","title":{"rendered":"C\u0103l\u0103toresc spre cerul minunat"},"content":{"rendered":"<p>C\u0103l\u0103toresc spre cerul minunat<\/p>\n<p>C\u0103l\u0103toresc spre cerul minunat<br \/>\nM\u00e2nat de-a dorului speran\u0163\u0103,<br \/>\nC\u0103ci voi ajunge-n el, purtat,<br \/>\nDe Duhul Sf\u00e2nt cu siguran\u0163\u0103<br \/>\nSpre locul ce mi-e preg\u0103tit,<br \/>\nDe Domnul meu ce m-a iubit.<\/p>\n<p>C\u0103l\u0103toresc spre cerul minunat<br \/>\nCu-al lui Eden de farmec plin,<br \/>\nCu Raiul de-unde au plecat<br \/>\nAi no\u015ftri str\u0103mo\u015fi, cu suspin<br \/>\nPentru-a lor mare neascultare<br \/>\nFiind izgoni\u0163i, sub blestemare.<\/p>\n<p>C\u0103l\u0103toresc spre cerul minunat<br \/>\nCu sufletu-n av\u00e2nt de bucurie<br \/>\nC\u0103ci Domnul m-a r\u0103scump\u0103rat,<br \/>\nC\u0103ci El m-atrage, \u00een ve\u015fnicie<br \/>\nPrin Jertfa Lui cea salvatoare,<br \/>\nDar cu preten\u0163ia de ascultare.<\/p>\n<p>\u015ei astfel eu, c\u0103l\u0103torind \u00cel laud<br \/>\nCrez\u00e2nd din toat\u0103 a mea fiin\u0163\u0103,<br \/>\nC\u0103-n cer c\u00e2nt\u0103rile-mi se-aud<br \/>\nFiind semnul de recuno\u015ftin\u0163\u0103,<br \/>\nPenrtu a\u015fa dragoste-n iertare<br \/>\nCe-n ceruri n-are asem\u0103nare.<\/p>\n<p>Flavius Laurian Duverna<br \/>\n23 aprilie 2012<\/p>\n","protected":false},"excerpt":{"rendered":"<p>C\u0103l\u0103toresc spre cerul minunat C\u0103l\u0103toresc spre cerul minunat M\u00e2nat de-a dorului speran\u0163\u0103, C\u0103ci voi ajunge-n el, purtat, De Duhul Sf\u00e2nt cu siguran\u0163\u0103 Spre locul ce mi-e preg\u0103tit, De Domnul meu ce m-a iubit. C\u0103l\u0103toresc spre cerul minunat Cu-al lui Eden de farmec plin, Cu Raiul de-unde au plecat Ai no\u015ftri str\u0103mo\u015fi, cu suspin Pentru-a lor [&hellip;]<\/p>\n","protected":false},"author":9,"featured_media":0,"comment_status":"open","ping_status":"closed","sticky":false,"template":"","format":"standard","meta":{"_monsterinsights_skip_tracking":false,"_monsterinsights_sitenote_active":false,"_monsterinsights_sitenote_note":"","_monsterinsights_sitenote_category":0,"footnotes":""},"categories":[134,127],"tags":[8,215,208,209,126,404],"class_list":["post-3018","post","type-post","status-publish","format-standard","hentry","category-generale","category-speranta","tag-bucurie","tag-duverna","tag-flavius","tag-laurian","tag-poezie","tag-vesnicie"],"_links":{"self":[{"href":"https:\/\/intercer.net\/blogs\/poeziisieditoriale\/wp-json\/wp\/v2\/posts\/3018","targetHints":{"allow":["GET"]}}],"collection":[{"href":"https:\/\/intercer.net\/blogs\/poeziisieditoriale\/wp-json\/wp\/v2\/posts"}],"about":[{"href":"https:\/\/intercer.net\/blogs\/poeziisieditoriale\/wp-json\/wp\/v2\/types\/post"}],"author":[{"embeddable":true,"href":"https:\/\/intercer.net\/blogs\/poeziisieditoriale\/wp-json\/wp\/v2\/users\/9"}],"replies":[{"embeddable":true,"href":"https:\/\/intercer.net\/blogs\/poeziisieditoriale\/wp-json\/wp\/v2\/comments?post=3018"}],"version-history":[{"count":2,"href":"https:\/\/intercer.net\/blogs\/poeziisieditoriale\/wp-json\/wp\/v2\/posts\/3018\/revisions"}],"predecessor-version":[{"id":3040,"href":"https:\/\/intercer.net\/blogs\/poeziisieditoriale\/wp-json\/wp\/v2\/posts\/3018\/revisions\/3040"}],"wp:attachment":[{"href":"https:\/\/intercer.net\/blogs\/poeziisieditoriale\/wp-json\/wp\/v2\/media?parent=3018"}],"wp:term":[{"taxonomy":"category","embeddable":true,"href":"https:\/\/intercer.net\/blogs\/poeziisieditoriale\/wp-json\/wp\/v2\/categories?post=3018"},{"taxonomy":"post_tag","embeddable":true,"href":"https:\/\/intercer.net\/blogs\/poeziisieditoriale\/wp-json\/wp\/v2\/tags?post=3018"}],"curies":[{"name":"wp","href":"https:\/\/api.w.org\/{rel}","templated":true}]}}