{"id":3049,"date":"2012-07-04T20:29:15","date_gmt":"2012-07-05T03:29:15","guid":{"rendered":"http:\/\/intercer.net\/blogs\/poeziisieditoriale\/?p=3049"},"modified":"2012-07-04T20:31:16","modified_gmt":"2012-07-05T03:31:16","slug":"in-tot-cuprinsu-acestei-lumi","status":"publish","type":"post","link":"https:\/\/intercer.net\/blogs\/poeziisieditoriale\/speranta\/in-tot-cuprinsu-acestei-lumi.html","title":{"rendered":"\u00cen tot cuprinsu-acestei lumi"},"content":{"rendered":"<p>\u00cen tot cuprinsu-acestei lumi<\/p>\n<p>\u00cen tot cuprinsu-acestei lumi<br \/>\nCu-ale ei lucruri minunate,<br \/>\nCe le prive\u015fti \u015fi peste toate<br \/>\nPo\u0163i s-ajungi pe nalte culmi,<\/p>\n<p>De cuno\u015ftin\u0163\u0103-n dezvoltare,<br \/>\nNimic nu este-n compara\u0163ie,<br \/>\nCu Dragostea ce prin crea\u0163ie<br \/>\n\u015ei-a dovedit for\u0163a salvatoare.<\/p>\n<p>\u015ei nimic, nu va fi nici-o-dat\u0103<br \/>\n\u00cen ceruri sus, nici pe p\u0103m\u00e2nt,<br \/>\nNici chiar \u00een Universul sf\u00e2nt,<br \/>\nCa dragostea cea minunat\u0103,<\/p>\n<p>S\u0103 se \u00eenjoseasc\u0103-n umilin\u0163\u0103<br \/>\nPrin \u00eentruparea cea fireasc\u0103,<br \/>\n\u015ei omul s\u0103-l des\u0103v\u00e2r\u015feasc\u0103,<br \/>\nPri crucea mor\u0163ii-n suferin\u0163\u0103.<\/p>\n<p>Flavius Laurian Duverna<br \/>\n03 mai 2012<\/p>\n","protected":false},"excerpt":{"rendered":"<p>\u00cen tot cuprinsu-acestei lumi \u00cen tot cuprinsu-acestei lumi Cu-ale ei lucruri minunate, Ce le prive\u015fti \u015fi peste toate Po\u0163i s-ajungi pe nalte culmi, De cuno\u015ftin\u0163\u0103-n dezvoltare, Nimic nu este-n compara\u0163ie, Cu Dragostea ce prin crea\u0163ie \u015ei-a dovedit for\u0163a salvatoare. \u015ei nimic, nu va fi nici-o-dat\u0103 \u00cen ceruri sus, nici pe p\u0103m\u00e2nt, Nici chiar \u00een Universul [&hellip;]<\/p>\n","protected":false},"author":9,"featured_media":0,"comment_status":"open","ping_status":"closed","sticky":false,"template":"","format":"standard","meta":{"_monsterinsights_skip_tracking":false,"_monsterinsights_sitenote_active":false,"_monsterinsights_sitenote_note":"","_monsterinsights_sitenote_category":0,"footnotes":""},"categories":[134,127],"tags":[215,208,209,226,126,342],"class_list":["post-3049","post","type-post","status-publish","format-standard","hentry","category-generale","category-speranta","tag-duverna","tag-flavius","tag-laurian","tag-pamant","tag-poezie","tag-suferinta"],"_links":{"self":[{"href":"https:\/\/intercer.net\/blogs\/poeziisieditoriale\/wp-json\/wp\/v2\/posts\/3049","targetHints":{"allow":["GET"]}}],"collection":[{"href":"https:\/\/intercer.net\/blogs\/poeziisieditoriale\/wp-json\/wp\/v2\/posts"}],"about":[{"href":"https:\/\/intercer.net\/blogs\/poeziisieditoriale\/wp-json\/wp\/v2\/types\/post"}],"author":[{"embeddable":true,"href":"https:\/\/intercer.net\/blogs\/poeziisieditoriale\/wp-json\/wp\/v2\/users\/9"}],"replies":[{"embeddable":true,"href":"https:\/\/intercer.net\/blogs\/poeziisieditoriale\/wp-json\/wp\/v2\/comments?post=3049"}],"version-history":[{"count":2,"href":"https:\/\/intercer.net\/blogs\/poeziisieditoriale\/wp-json\/wp\/v2\/posts\/3049\/revisions"}],"predecessor-version":[{"id":3053,"href":"https:\/\/intercer.net\/blogs\/poeziisieditoriale\/wp-json\/wp\/v2\/posts\/3049\/revisions\/3053"}],"wp:attachment":[{"href":"https:\/\/intercer.net\/blogs\/poeziisieditoriale\/wp-json\/wp\/v2\/media?parent=3049"}],"wp:term":[{"taxonomy":"category","embeddable":true,"href":"https:\/\/intercer.net\/blogs\/poeziisieditoriale\/wp-json\/wp\/v2\/categories?post=3049"},{"taxonomy":"post_tag","embeddable":true,"href":"https:\/\/intercer.net\/blogs\/poeziisieditoriale\/wp-json\/wp\/v2\/tags?post=3049"}],"curies":[{"name":"wp","href":"https:\/\/api.w.org\/{rel}","templated":true}]}}