{"id":3079,"date":"2012-07-11T19:23:43","date_gmt":"2012-07-12T02:23:43","guid":{"rendered":"http:\/\/intercer.net\/blogs\/poeziisieditoriale\/?p=3079"},"modified":"2012-07-11T19:26:33","modified_gmt":"2012-07-12T02:26:33","slug":"nu-sunt-cuvintele-destule","status":"publish","type":"post","link":"https:\/\/intercer.net\/blogs\/poeziisieditoriale\/speranta\/nu-sunt-cuvintele-destule.html","title":{"rendered":"Nu sunt cuvintele destule"},"content":{"rendered":"<p>Nu sunt cuvintele destule<\/p>\n<p>Nu sunt cuvintele destule<br \/>\nDe-a pream\u0103ri Iubirea mare<br \/>\nCu-a Ei putere salvatoare,<br \/>\nCe pentru-a lumii m\u00e2ntuire<br \/>\nS-a dat mor\u0163ii, prin jertfire.<br \/>\nM\u00e2nat\u0103 de \u00eenalte scrupule.<\/p>\n<p>Nu sunt cuvintele de-ajuns<br \/>\nDe a c\u00e2nta Iubirea-n versuri<br \/>\n\u00cen mii de vorbe \u015fi de crezuri,<br \/>\n\u00cen mii de imnuri de sl\u0103vire<br \/>\nPentru-a Ei sf\u00e2nt\u0103 izb\u0103vire,<br \/>\nCe-n multe inimi, a p\u0103truns.<\/p>\n<p>Nu sunt cuvintele mai clare<br \/>\nVorbind de Jertfa Golgotei<br \/>\nCea care-n focul Dragostei,<br \/>\nPe crucea cea de r\u0103stignire<br \/>\n\u015ei-a reg\u0103sit scumpa menire<br \/>\n\u00cen planul ve\u015fnic de salvare.<\/p>\n<p>Nu sunt cuvintele prin har<br \/>\nRostite-n rugi, cu m\u0103iestrie<br \/>\n\u00cen clipe sfinte de vecernie,<br \/>\nPrin lacrimi de am\u0103r\u0103ciune<br \/>\nF\u0103r-a Iubirii-n veci, minune,<br \/>\nF\u0103r\u0103 de Jertfa,&#8230;din Calvar!<\/p>\n<p>Flavius Laurian Duverna<br \/>\n11 mai 2012<\/p>\n","protected":false},"excerpt":{"rendered":"<p>Nu sunt cuvintele destule Nu sunt cuvintele destule De-a pream\u0103ri Iubirea mare Cu-a Ei putere salvatoare, Ce pentru-a lumii m\u00e2ntuire S-a dat mor\u0163ii, prin jertfire. M\u00e2nat\u0103 de \u00eenalte scrupule. Nu sunt cuvintele de-ajuns De a c\u00e2nta Iubirea-n versuri \u00cen mii de vorbe \u015fi de crezuri, \u00cen mii de imnuri de sl\u0103vire Pentru-a Ei sf\u00e2nt\u0103 izb\u0103vire, [&hellip;]<\/p>\n","protected":false},"author":9,"featured_media":0,"comment_status":"open","ping_status":"closed","sticky":false,"template":"","format":"standard","meta":{"_monsterinsights_skip_tracking":false,"_monsterinsights_sitenote_active":false,"_monsterinsights_sitenote_note":"","_monsterinsights_sitenote_category":0,"footnotes":""},"categories":[134,139,127],"tags":[224,215,208,209,126,47],"class_list":["post-3079","post","type-post","status-publish","format-standard","hentry","category-generale","category-lauda","category-speranta","tag-calvar","tag-duverna","tag-flavius","tag-laurian","tag-poezie","tag-salvare"],"_links":{"self":[{"href":"https:\/\/intercer.net\/blogs\/poeziisieditoriale\/wp-json\/wp\/v2\/posts\/3079","targetHints":{"allow":["GET"]}}],"collection":[{"href":"https:\/\/intercer.net\/blogs\/poeziisieditoriale\/wp-json\/wp\/v2\/posts"}],"about":[{"href":"https:\/\/intercer.net\/blogs\/poeziisieditoriale\/wp-json\/wp\/v2\/types\/post"}],"author":[{"embeddable":true,"href":"https:\/\/intercer.net\/blogs\/poeziisieditoriale\/wp-json\/wp\/v2\/users\/9"}],"replies":[{"embeddable":true,"href":"https:\/\/intercer.net\/blogs\/poeziisieditoriale\/wp-json\/wp\/v2\/comments?post=3079"}],"version-history":[{"count":2,"href":"https:\/\/intercer.net\/blogs\/poeziisieditoriale\/wp-json\/wp\/v2\/posts\/3079\/revisions"}],"predecessor-version":[{"id":3082,"href":"https:\/\/intercer.net\/blogs\/poeziisieditoriale\/wp-json\/wp\/v2\/posts\/3079\/revisions\/3082"}],"wp:attachment":[{"href":"https:\/\/intercer.net\/blogs\/poeziisieditoriale\/wp-json\/wp\/v2\/media?parent=3079"}],"wp:term":[{"taxonomy":"category","embeddable":true,"href":"https:\/\/intercer.net\/blogs\/poeziisieditoriale\/wp-json\/wp\/v2\/categories?post=3079"},{"taxonomy":"post_tag","embeddable":true,"href":"https:\/\/intercer.net\/blogs\/poeziisieditoriale\/wp-json\/wp\/v2\/tags?post=3079"}],"curies":[{"name":"wp","href":"https:\/\/api.w.org\/{rel}","templated":true}]}}