{"id":3147,"date":"2012-08-02T20:05:28","date_gmt":"2012-08-03T03:05:28","guid":{"rendered":"http:\/\/intercer.net\/blogs\/poeziisieditoriale\/?p=3147"},"modified":"2012-08-03T20:01:13","modified_gmt":"2012-08-04T03:01:13","slug":"a-fi-un-crestin","status":"publish","type":"post","link":"https:\/\/intercer.net\/blogs\/poeziisieditoriale\/speranta\/a-fi-un-crestin.html","title":{"rendered":"A fi-un Cre\u015ftin&#8230;"},"content":{"rendered":"<p>A fi-un Cre\u015ftin&#8230;<\/p>\n<p>A fi-un Cre\u015ftin, ucenic<br \/>\n\u015ei slujitor al lui Hristos,<br \/>\nTe vei sim\u0163i a\u015fa de mic<br \/>\n\u00cen zelu-\u0163i de credincios,<br \/>\n\u015ei eu-\u0163i va cobor\u00ee-n jos!<\/p>\n<p>\u00cen fa\u0163\u0103-\u0163i va fi Modelul<br \/>\nAl Fiului lui Dumnezeu!<br \/>\n\u00cen simbol El era mielul,<br \/>\nAl Dragostei la apogeu<br \/>\n\u00centre culori de curcubeu.<\/p>\n<p>A fi Cre\u015ftin evanghelist<br \/>\nS\u0103 umbli cum a tr\u0103it El,<br \/>\nCalc\u0103 \u00een urmele lui Crist,<br \/>\nFii credincios \u015fi fii fidel,<br \/>\nFiind al t\u0103u sacru model!<\/p>\n<p>\u00cen lep\u0103darea cea de sine<br \/>\nS\u0103-\u0163i ei crucea \u015fi s-o duci<br \/>\nNu \u00een murmur \u015fi suspine,<br \/>\nCi-n vorbiri senine, dulci<br \/>\nUrm\u00e2nd sfintele porunci.<\/p>\n<p>Flavius Laurian Duverna<br \/>\n28 mai 2012<\/p>\n","protected":false},"excerpt":{"rendered":"<p>A fi-un Cre\u015ftin&#8230; A fi-un Cre\u015ftin, ucenic \u015ei slujitor al lui Hristos, Te vei sim\u0163i a\u015fa de mic \u00cen zelu-\u0163i de credincios, \u015ei eu-\u0163i va cobor\u00ee-n jos! \u00cen fa\u0163\u0103-\u0163i va fi Modelul Al Fiului lui Dumnezeu! \u00cen simbol El era mielul, Al Dragostei la apogeu \u00centre culori de curcubeu. A fi Cre\u015ftin evanghelist S\u0103 umbli [&hellip;]<\/p>\n","protected":false},"author":9,"featured_media":0,"comment_status":"open","ping_status":"closed","sticky":false,"template":"","format":"standard","meta":{"_monsterinsights_skip_tracking":false,"_monsterinsights_sitenote_active":false,"_monsterinsights_sitenote_note":"","_monsterinsights_sitenote_category":0,"footnotes":""},"categories":[134,127],"tags":[43,215,208,209,126,249],"class_list":["post-3147","post","type-post","status-publish","format-standard","hentry","category-generale","category-speranta","tag-dumnezeu","tag-duverna","tag-flavius","tag-laurian","tag-poezie","tag-susur"],"_links":{"self":[{"href":"https:\/\/intercer.net\/blogs\/poeziisieditoriale\/wp-json\/wp\/v2\/posts\/3147","targetHints":{"allow":["GET"]}}],"collection":[{"href":"https:\/\/intercer.net\/blogs\/poeziisieditoriale\/wp-json\/wp\/v2\/posts"}],"about":[{"href":"https:\/\/intercer.net\/blogs\/poeziisieditoriale\/wp-json\/wp\/v2\/types\/post"}],"author":[{"embeddable":true,"href":"https:\/\/intercer.net\/blogs\/poeziisieditoriale\/wp-json\/wp\/v2\/users\/9"}],"replies":[{"embeddable":true,"href":"https:\/\/intercer.net\/blogs\/poeziisieditoriale\/wp-json\/wp\/v2\/comments?post=3147"}],"version-history":[{"count":2,"href":"https:\/\/intercer.net\/blogs\/poeziisieditoriale\/wp-json\/wp\/v2\/posts\/3147\/revisions"}],"predecessor-version":[{"id":3152,"href":"https:\/\/intercer.net\/blogs\/poeziisieditoriale\/wp-json\/wp\/v2\/posts\/3147\/revisions\/3152"}],"wp:attachment":[{"href":"https:\/\/intercer.net\/blogs\/poeziisieditoriale\/wp-json\/wp\/v2\/media?parent=3147"}],"wp:term":[{"taxonomy":"category","embeddable":true,"href":"https:\/\/intercer.net\/blogs\/poeziisieditoriale\/wp-json\/wp\/v2\/categories?post=3147"},{"taxonomy":"post_tag","embeddable":true,"href":"https:\/\/intercer.net\/blogs\/poeziisieditoriale\/wp-json\/wp\/v2\/tags?post=3147"}],"curies":[{"name":"wp","href":"https:\/\/api.w.org\/{rel}","templated":true}]}}