{"id":3278,"date":"2012-09-05T19:05:59","date_gmt":"2012-09-06T02:05:59","guid":{"rendered":"http:\/\/intercer.net\/blogs\/poeziisieditoriale\/?p=3278"},"modified":"2012-09-06T03:51:43","modified_gmt":"2012-09-06T10:51:43","slug":"sonet-apostolic","status":"publish","type":"post","link":"https:\/\/intercer.net\/blogs\/poeziisieditoriale\/speranta\/sonet-apostolic.html","title":{"rendered":"Sonet  Apostolic"},"content":{"rendered":"<p>Sonet Apostolic<\/p>\n<p>Dup\u0103 ce Domnul Hristos, sus la cer S-a \u00een\u0103l\u0163at<br \/>\nUcenicii r\u0103ma\u015fi singuri, s-au \u00eent\u0103rit \u00een credin\u0163\u0103<br \/>\n\u015ei-au stat \u00een Ierusalim, dup\u0103-a Lui f\u0103g\u0103duin\u0163\u0103,<br \/>\nS\u0103 primeasc\u0103 Duhul Sf\u00e2nt, ce urma s\u0103 fie dat.<\/p>\n<p>Aduna\u0163i cu to\u0163i-n rug\u0103 nutreau aceia\u015fi tendin\u0163\u0103<br \/>\nS\u0103 primeasc\u0103 acea putere, de la Cel ce-a \u00eenviat,<br \/>\nPentru-a duce-n toat\u0103 lumea Cuv\u00e2ntul adev\u0103rat<br \/>\nC\u0103-n Hristos e m\u00e2ntuirea; era marea lor dorin\u0163\u0103!<\/p>\n<p>\u00cen ziua de cincizecime, peste locul de \u00eentrunire<br \/>\nDeodat\u0103 a venit, din cer, ca un v\u00e2j\u00e2it prea tare,<br \/>\nUn sunet \u00een limbi de foc, de v\u0103p\u0103i \u00een str\u0103lucire<\/p>\n<p>\u015ei-a\u015fez\u00e2ndu-se, c\u00e2te una, peste ei&#8230;pe fiecare<br \/>\nI-a influen\u0163at pe loc, printr-un alt fel de vorbire<br \/>\n\u00cen limbi ce necunoscute, erau pe-n\u0163eles \u015fi clare.<\/p>\n<p>Flavius Laurian Duverna<br \/>\n01 iulie 2012<\/p>\n","protected":false},"excerpt":{"rendered":"<p>Sonet Apostolic Dup\u0103 ce Domnul Hristos, sus la cer S-a \u00een\u0103l\u0163at Ucenicii r\u0103ma\u015fi singuri, s-au \u00eent\u0103rit \u00een credin\u0163\u0103 \u015ei-au stat \u00een Ierusalim, dup\u0103-a Lui f\u0103g\u0103duin\u0163\u0103, S\u0103 primeasc\u0103 Duhul Sf\u00e2nt, ce urma s\u0103 fie dat. Aduna\u0163i cu to\u0163i-n rug\u0103 nutreau aceia\u015fi tendin\u0163\u0103 S\u0103 primeasc\u0103 acea putere, de la Cel ce-a \u00eenviat, Pentru-a duce-n toat\u0103 lumea Cuv\u00e2ntul [&hellip;]<\/p>\n","protected":false},"author":9,"featured_media":0,"comment_status":"open","ping_status":"closed","sticky":false,"template":"","format":"standard","meta":{"_monsterinsights_skip_tracking":false,"_monsterinsights_sitenote_active":false,"_monsterinsights_sitenote_note":"","_monsterinsights_sitenote_category":0,"footnotes":""},"categories":[136,134,127],"tags":[7,215,208,420,209,126],"class_list":["post-3278","post","type-post","status-publish","format-standard","hentry","category-evenimente","category-generale","category-speranta","tag-credinta","tag-duverna","tag-flavius","tag-hristos","tag-laurian","tag-poezie"],"_links":{"self":[{"href":"https:\/\/intercer.net\/blogs\/poeziisieditoriale\/wp-json\/wp\/v2\/posts\/3278","targetHints":{"allow":["GET"]}}],"collection":[{"href":"https:\/\/intercer.net\/blogs\/poeziisieditoriale\/wp-json\/wp\/v2\/posts"}],"about":[{"href":"https:\/\/intercer.net\/blogs\/poeziisieditoriale\/wp-json\/wp\/v2\/types\/post"}],"author":[{"embeddable":true,"href":"https:\/\/intercer.net\/blogs\/poeziisieditoriale\/wp-json\/wp\/v2\/users\/9"}],"replies":[{"embeddable":true,"href":"https:\/\/intercer.net\/blogs\/poeziisieditoriale\/wp-json\/wp\/v2\/comments?post=3278"}],"version-history":[{"count":2,"href":"https:\/\/intercer.net\/blogs\/poeziisieditoriale\/wp-json\/wp\/v2\/posts\/3278\/revisions"}],"predecessor-version":[{"id":3282,"href":"https:\/\/intercer.net\/blogs\/poeziisieditoriale\/wp-json\/wp\/v2\/posts\/3278\/revisions\/3282"}],"wp:attachment":[{"href":"https:\/\/intercer.net\/blogs\/poeziisieditoriale\/wp-json\/wp\/v2\/media?parent=3278"}],"wp:term":[{"taxonomy":"category","embeddable":true,"href":"https:\/\/intercer.net\/blogs\/poeziisieditoriale\/wp-json\/wp\/v2\/categories?post=3278"},{"taxonomy":"post_tag","embeddable":true,"href":"https:\/\/intercer.net\/blogs\/poeziisieditoriale\/wp-json\/wp\/v2\/tags?post=3278"}],"curies":[{"name":"wp","href":"https:\/\/api.w.org\/{rel}","templated":true}]}}