{"id":3385,"date":"2012-10-02T21:06:23","date_gmt":"2012-10-03T04:06:23","guid":{"rendered":"http:\/\/intercer.net\/blogs\/poeziisieditoriale\/?p=3385"},"modified":"2012-10-02T21:09:11","modified_gmt":"2012-10-03T04:09:11","slug":"drumul-meu-cel-mai-frumos","status":"publish","type":"post","link":"https:\/\/intercer.net\/blogs\/poeziisieditoriale\/speranta\/drumul-meu-cel-mai-frumos.html","title":{"rendered":"Drumul meu cel mai frumos"},"content":{"rendered":"<p>Drumul meu cel mai frumos<\/p>\n<p>Drumul meu cel mai frumos,<br \/>\nCalea mea cea mai aleas\u0103<br \/>\nE spre-a ajunge odat\u0103 acas\u0103,<br \/>\nS\u0103 fiu cu Domnul Hristos,<br \/>\n\u00cen cerul S\u0103u maiestuos!<\/p>\n<p>Spre-acel Nou Ierusalim,<br \/>\nSpre ora\u015ful sf\u00e2nt, ceresc<br \/>\nC\u00e2nd la el n\u0103d\u0103jduiesc,<br \/>\nMi-e dorul cel mai sublim<br \/>\nSufletu-mi, de cer e plin.<\/p>\n<p>Drumul meu cel mai dorit,<br \/>\nCalea mea cea mai curat\u0103<br \/>\nEste ca s-ajung odat\u0103<br \/>\n\u2019N \u0163ara ce-am n\u0103d\u0103jduit,<br \/>\nUnde, s\u0103 fiu pe veci fericit.<\/p>\n<p>\u015ei-n al ei Ora\u015f prea sf\u00e2nt,<br \/>\nCu Cetatea de aur plin\u0103<br \/>\nDe-a ei ve\u015fnic\u0103 lumin\u0103<br \/>\nScump tezaur pe p\u0103m\u00e2nt,<br \/>\nCu drag Domnului s\u0103-I c\u00e2nt!<\/p>\n<p>Drumul meu cel mai concis,<br \/>\nCel mai sigur pentru via\u0163\u0103,<br \/>\nE s\u0103-L v\u0103d pe Domnu-n fa\u0163\u0103<br \/>\nCum \u00een Cuv\u00e2nt mi-a promis,<br \/>\nDerept s\u0103 am \u00een Paradis!<\/p>\n<p>S\u0103-l rev\u0103d, \u015fi-n mul\u0163umire,<br \/>\nC\u0103 mi s-a-mplinit un vis<br \/>\nCum \u00een Cuv\u00e2nt a fost scris,<br \/>\nSpre slava-I \u015fi-a Sa cinstire<br \/>\nS\u0103 m\u0103-nchin, s\u0103-I dau m\u0103rire!<\/p>\n<p>Flavius Laurian Duverna<br \/>\n25 iulie 2012<\/p>\n","protected":false},"excerpt":{"rendered":"<p>Drumul meu cel mai frumos Drumul meu cel mai frumos, Calea mea cea mai aleas\u0103 E spre-a ajunge odat\u0103 acas\u0103, S\u0103 fiu cu Domnul Hristos, \u00cen cerul S\u0103u maiestuos! Spre-acel Nou Ierusalim, Spre ora\u015ful sf\u00e2nt, ceresc C\u00e2nd la el n\u0103d\u0103jduiesc, Mi-e dorul cel mai sublim Sufletu-mi, de cer e plin. Drumul meu cel mai dorit, [&hellip;]<\/p>\n","protected":false},"author":9,"featured_media":0,"comment_status":"open","ping_status":"closed","sticky":false,"template":"","format":"standard","meta":{"_monsterinsights_skip_tracking":false,"_monsterinsights_sitenote_active":false,"_monsterinsights_sitenote_note":"","_monsterinsights_sitenote_category":0,"footnotes":""},"categories":[134,127],"tags":[215,208,209,226,345,126],"class_list":["post-3385","post","type-post","status-publish","format-standard","hentry","category-generale","category-speranta","tag-duverna","tag-flavius","tag-laurian","tag-pamant","tag-paradis","tag-poezie"],"_links":{"self":[{"href":"https:\/\/intercer.net\/blogs\/poeziisieditoriale\/wp-json\/wp\/v2\/posts\/3385","targetHints":{"allow":["GET"]}}],"collection":[{"href":"https:\/\/intercer.net\/blogs\/poeziisieditoriale\/wp-json\/wp\/v2\/posts"}],"about":[{"href":"https:\/\/intercer.net\/blogs\/poeziisieditoriale\/wp-json\/wp\/v2\/types\/post"}],"author":[{"embeddable":true,"href":"https:\/\/intercer.net\/blogs\/poeziisieditoriale\/wp-json\/wp\/v2\/users\/9"}],"replies":[{"embeddable":true,"href":"https:\/\/intercer.net\/blogs\/poeziisieditoriale\/wp-json\/wp\/v2\/comments?post=3385"}],"version-history":[{"count":2,"href":"https:\/\/intercer.net\/blogs\/poeziisieditoriale\/wp-json\/wp\/v2\/posts\/3385\/revisions"}],"predecessor-version":[{"id":3388,"href":"https:\/\/intercer.net\/blogs\/poeziisieditoriale\/wp-json\/wp\/v2\/posts\/3385\/revisions\/3388"}],"wp:attachment":[{"href":"https:\/\/intercer.net\/blogs\/poeziisieditoriale\/wp-json\/wp\/v2\/media?parent=3385"}],"wp:term":[{"taxonomy":"category","embeddable":true,"href":"https:\/\/intercer.net\/blogs\/poeziisieditoriale\/wp-json\/wp\/v2\/categories?post=3385"},{"taxonomy":"post_tag","embeddable":true,"href":"https:\/\/intercer.net\/blogs\/poeziisieditoriale\/wp-json\/wp\/v2\/tags?post=3385"}],"curies":[{"name":"wp","href":"https:\/\/api.w.org\/{rel}","templated":true}]}}