{"id":3387,"date":"2012-10-25T11:07:19","date_gmt":"2012-10-25T18:07:19","guid":{"rendered":"http:\/\/intercer.net\/blogs\/poeziisieditoriale\/?p=3387"},"modified":"2012-10-25T11:56:21","modified_gmt":"2012-10-25T18:56:21","slug":"doamne-de-nai-fi-cu-mine","status":"publish","type":"post","link":"https:\/\/intercer.net\/blogs\/poeziisieditoriale\/speranta\/doamne-de-nai-fi-cu-mine.html","title":{"rendered":"Doamne, de n-ai fi cu mine!"},"content":{"rendered":"<p>Doamne, de n-ai fi cu mine!<\/p>\n<p>Doamne, de n-ai fi cu mine<br \/>\nPe drumul cel greu al vie\u0163ii<br \/>\nChiar din timpul tinere\u0163ii<br \/>\nC\u00e2nd m-am alipit de Tine,<br \/>\nZilele,&#8230; mi-ar fi str\u0103ine!&#8230;<\/p>\n<p>A\u015f fi fost pe-o alt\u0103 cale,<br \/>\nCalea cea larg\u0103-a pierz\u0103rii<br \/>\nFiind sub legea condamn\u0103rii<br \/>\n&#8216;N-ordinea drept\u0103\u0163ii Tale,<br \/>\nNu-n c\u00e2nt\u0103ri de osanale!<\/p>\n<p>Doamne, de n-ai fi cu mine<br \/>\nPe drumul sf\u00e2nt ce-am ales<br \/>\nC\u00e2nd voia \u0162i-am \u00een\u0163eles<br \/>\nC\u0103 via\u0163a-mi, \u00ce\u0163i apar\u0163in<br \/>\nIubirea-\u0162i n-ar arde-n mine,<\/p>\n<p>Prin cea mai mare salvare<br \/>\nA Dragostei prin jertfire,<br \/>\n\u015ei-atunci sf\u00e2nta m\u00e2ntuire<br \/>\nPe munte-n crucificare,<br \/>\nNu mi-ar fi hot\u0103r\u00e2toare!<\/p>\n<p>Doamne, de n-ai fi cu mine<br \/>\nPe drumul cel greu dar sf\u00e2nt,<br \/>\nAtunci pe acest p\u0103m\u00e2nt<br \/>\nZilele,.. mi-ar fi str\u0103ine,&#8230;<br \/>\nC\u0103ci departe-a\u015f fi de Tine!<\/p>\n<p>\u015ei-atunci totul, ar fi-n van<br \/>\nR\u0103t\u0103cind pe-a m\u0103rii valuri,<br \/>\nF\u0103r\u0103-a ajunge, la limanuri,<br \/>\nLipsit de-orice paravan,<br \/>\n\u015ei pierz\u00e2ndu-m\u0103-n ocean!<\/p>\n<p>Flavius Laurian Duverna<br \/>\n26 iulie 2012<\/p>\n","protected":false},"excerpt":{"rendered":"<p>Doamne, de n-ai fi cu mine! Doamne, de n-ai fi cu mine Pe drumul cel greu al vie\u0163ii Chiar din timpul tinere\u0163ii C\u00e2nd m-am alipit de Tine, Zilele,&#8230; mi-ar fi str\u0103ine!&#8230; A\u015f fi fost pe-o alt\u0103 cale, Calea cea larg\u0103-a pierz\u0103rii Fiind sub legea condamn\u0103rii &#8216;N-ordinea drept\u0103\u0163ii Tale, Nu-n c\u00e2nt\u0103ri de osanale! Doamne, de n-ai [&hellip;]<\/p>\n","protected":false},"author":9,"featured_media":0,"comment_status":"open","ping_status":"closed","sticky":false,"template":"","format":"standard","meta":{"_monsterinsights_skip_tracking":false,"_monsterinsights_sitenote_active":false,"_monsterinsights_sitenote_note":"","_monsterinsights_sitenote_category":0,"footnotes":""},"categories":[134,127],"tags":[215,208,209,214,226,126],"class_list":["post-3387","post","type-post","status-publish","format-standard","hentry","category-generale","category-speranta","tag-duverna","tag-flavius","tag-laurian","tag-mantuire","tag-pamant","tag-poezie"],"_links":{"self":[{"href":"https:\/\/intercer.net\/blogs\/poeziisieditoriale\/wp-json\/wp\/v2\/posts\/3387","targetHints":{"allow":["GET"]}}],"collection":[{"href":"https:\/\/intercer.net\/blogs\/poeziisieditoriale\/wp-json\/wp\/v2\/posts"}],"about":[{"href":"https:\/\/intercer.net\/blogs\/poeziisieditoriale\/wp-json\/wp\/v2\/types\/post"}],"author":[{"embeddable":true,"href":"https:\/\/intercer.net\/blogs\/poeziisieditoriale\/wp-json\/wp\/v2\/users\/9"}],"replies":[{"embeddable":true,"href":"https:\/\/intercer.net\/blogs\/poeziisieditoriale\/wp-json\/wp\/v2\/comments?post=3387"}],"version-history":[{"count":3,"href":"https:\/\/intercer.net\/blogs\/poeziisieditoriale\/wp-json\/wp\/v2\/posts\/3387\/revisions"}],"predecessor-version":[{"id":3430,"href":"https:\/\/intercer.net\/blogs\/poeziisieditoriale\/wp-json\/wp\/v2\/posts\/3387\/revisions\/3430"}],"wp:attachment":[{"href":"https:\/\/intercer.net\/blogs\/poeziisieditoriale\/wp-json\/wp\/v2\/media?parent=3387"}],"wp:term":[{"taxonomy":"category","embeddable":true,"href":"https:\/\/intercer.net\/blogs\/poeziisieditoriale\/wp-json\/wp\/v2\/categories?post=3387"},{"taxonomy":"post_tag","embeddable":true,"href":"https:\/\/intercer.net\/blogs\/poeziisieditoriale\/wp-json\/wp\/v2\/tags?post=3387"}],"curies":[{"name":"wp","href":"https:\/\/api.w.org\/{rel}","templated":true}]}}