{"id":3421,"date":"2012-10-25T11:18:59","date_gmt":"2012-10-25T18:18:59","guid":{"rendered":"http:\/\/intercer.net\/blogs\/poeziisieditoriale\/?p=3421"},"modified":"2012-10-26T12:58:56","modified_gmt":"2012-10-26T19:58:56","slug":"dorintta-scumpa-de-ntalnire","status":"publish","type":"post","link":"https:\/\/intercer.net\/blogs\/poeziisieditoriale\/speranta\/dorintta-scumpa-de-ntalnire.html","title":{"rendered":"Dorin\u0163a scump\u0103, de-nt\u00e2lnire"},"content":{"rendered":"<p>Dorin\u0163a scump\u0103, de-nt\u00e2lnire<\/p>\n<p>Dorin\u0163a scump\u0103, de-nt\u00e2lnire<br \/>\nCu Tine Doamne, ce-ai s\u0103 vii<br \/>\nS\u0103-\u0162i iei la cer pe-ai T\u0103i copii<br \/>\nVrednici de sf\u00e2nta m\u00e2ntuire,<br \/>\nSt\u0103-n ve\u015fnica-\u0162i neprih\u0103nire!<\/p>\n<p>Prin harul T\u0103u nespus de mare<br \/>\nEa-i tot mai sf\u00e2nt\u0103, \u015fi-i dorit\u0103<br \/>\nS-o vad\u0103-n sf\u00e2r\u015fit \u00eemplinit\u0103,<br \/>\nPrin jertfa Ta cea salvatoare<br \/>\nLa Golgota-n a ei grandoare!<\/p>\n<p>Dorin\u0163a scump\u0103, de-nt\u00e2lnire<br \/>\nCu Tine Doamne c\u00e2nd pe nori<br \/>\nVei reveni \u00een mari splendori<br \/>\n\u00cenve\u015fm\u00e2ntat de str\u0103lucire,<br \/>\nVa fi-n preasf\u00e2nta izb\u0103vire,<\/p>\n<p>C\u0103ci slava Ta Dumnezeiasc\u0103<br \/>\nSub ceruri f\u0103r\u0103 asem\u0103nare,<br \/>\nE tot mai sf\u00e2nt\u0103 \u015fi-arz\u0103toare<br \/>\nPrin haru-n gloria cereasc\u0103<br \/>\nVenit ca s\u0103 m\u0103 m\u00e2ntuiasc\u0103.<\/p>\n<p>Dorin\u0163a scump\u0103, de-nt\u00e2lnire<br \/>\nCu Tine Doamne-a fi-mpreun\u0103<br \/>\nC\u00e2nd tr\u00e2mbi\u0163ele-n c\u00e2ntec sun\u0103<br \/>\nVestind ziua cea mai m\u0103rea\u0163\u0103<br \/>\nE tot mai vie, pentru via\u0163\u0103!<\/p>\n<p>E tot mai mult, \u00een a\u015fteptare<br \/>\nS\u0103 se-mplineasc\u0103-n bucurie,<br \/>\nS\u0103-nceap\u0103 marea ve\u015fnicie<br \/>\nPrin startul ei de s\u0103rb\u0103toare<br \/>\n\u00cen toate lumile sub soare!<\/p>\n<p>Flavius Laurian Duverna<br \/>\n31 iulie 2012<\/p>\n","protected":false},"excerpt":{"rendered":"<p>Dorin\u0163a scump\u0103, de-nt\u00e2lnire Dorin\u0163a scump\u0103, de-nt\u00e2lnire Cu Tine Doamne, ce-ai s\u0103 vii S\u0103-\u0162i iei la cer pe-ai T\u0103i copii Vrednici de sf\u00e2nta m\u00e2ntuire, St\u0103-n ve\u015fnica-\u0162i neprih\u0103nire! Prin harul T\u0103u nespus de mare Ea-i tot mai sf\u00e2nt\u0103, \u015fi-i dorit\u0103 S-o vad\u0103-n sf\u00e2r\u015fit \u00eemplinit\u0103, Prin jertfa Ta cea salvatoare La Golgota-n a ei grandoare! Dorin\u0163a scump\u0103, de-nt\u00e2lnire [&hellip;]<\/p>\n","protected":false},"author":9,"featured_media":0,"comment_status":"open","ping_status":"closed","sticky":false,"template":"","format":"standard","meta":{"_monsterinsights_skip_tracking":false,"_monsterinsights_sitenote_active":false,"_monsterinsights_sitenote_note":"","_monsterinsights_sitenote_category":0,"footnotes":""},"categories":[134,135,127],"tags":[8,215,208,209,214,126],"class_list":["post-3421","post","type-post","status-publish","format-standard","hentry","category-generale","category-isus-hristos","category-speranta","tag-bucurie","tag-duverna","tag-flavius","tag-laurian","tag-mantuire","tag-poezie"],"_links":{"self":[{"href":"https:\/\/intercer.net\/blogs\/poeziisieditoriale\/wp-json\/wp\/v2\/posts\/3421","targetHints":{"allow":["GET"]}}],"collection":[{"href":"https:\/\/intercer.net\/blogs\/poeziisieditoriale\/wp-json\/wp\/v2\/posts"}],"about":[{"href":"https:\/\/intercer.net\/blogs\/poeziisieditoriale\/wp-json\/wp\/v2\/types\/post"}],"author":[{"embeddable":true,"href":"https:\/\/intercer.net\/blogs\/poeziisieditoriale\/wp-json\/wp\/v2\/users\/9"}],"replies":[{"embeddable":true,"href":"https:\/\/intercer.net\/blogs\/poeziisieditoriale\/wp-json\/wp\/v2\/comments?post=3421"}],"version-history":[{"count":3,"href":"https:\/\/intercer.net\/blogs\/poeziisieditoriale\/wp-json\/wp\/v2\/posts\/3421\/revisions"}],"predecessor-version":[{"id":3432,"href":"https:\/\/intercer.net\/blogs\/poeziisieditoriale\/wp-json\/wp\/v2\/posts\/3421\/revisions\/3432"}],"wp:attachment":[{"href":"https:\/\/intercer.net\/blogs\/poeziisieditoriale\/wp-json\/wp\/v2\/media?parent=3421"}],"wp:term":[{"taxonomy":"category","embeddable":true,"href":"https:\/\/intercer.net\/blogs\/poeziisieditoriale\/wp-json\/wp\/v2\/categories?post=3421"},{"taxonomy":"post_tag","embeddable":true,"href":"https:\/\/intercer.net\/blogs\/poeziisieditoriale\/wp-json\/wp\/v2\/tags?post=3421"}],"curies":[{"name":"wp","href":"https:\/\/api.w.org\/{rel}","templated":true}]}}