{"id":3457,"date":"2012-11-08T02:49:45","date_gmt":"2012-11-08T10:49:45","guid":{"rendered":"http:\/\/intercer.net\/blogs\/poeziisieditoriale\/?p=3457"},"modified":"2012-11-08T02:54:34","modified_gmt":"2012-11-08T10:54:34","slug":"ce-tema-doamne","status":"publish","type":"post","link":"https:\/\/intercer.net\/blogs\/poeziisieditoriale\/speranta\/ce-tema-doamne.html","title":{"rendered":"Ce tem\u0103 Doamne!&#8230;"},"content":{"rendered":"<p>Ce tem\u0103 Doamne!&#8230;<\/p>\n<p>Ce tem\u0103 Doamne-n\u0103l\u0163\u0103toare<br \/>\nNe-ai dat prin jertfa din Calvar<br \/>\nA dragostei f\u0103r-de hotar,<br \/>\nExpus\u0103-n jertfa Ta cea mare<br \/>\nPrin planul sf\u00e2nt al m\u00e2ntuirii<br \/>\nPentru-mp\u0103carea omenirii,<br \/>\nPrin jertfa cea isp\u0103\u015fitoare!<\/p>\n<p>Ce tem\u0103 Doamne-n\u0103l\u0163\u0103toare<br \/>\nNe-ai dat ca noi s\u0103 medit\u0103m<br \/>\nC\u00e2t mai ad\u00e2nc s\u0103 cuget\u0103m,<br \/>\nCum din p\u0103cat ne-ai dat iertare<br \/>\nPrin dragostea Ta ne-n\u0163eleas\u0103<br \/>\nCu taina ei misterioas\u0103,<br \/>\nMijlocul singur de salvare!<\/p>\n<p>Ce tem\u0103 Doamne-n\u0103l\u0163\u0103toare<br \/>\nNe-ai dat ca noi s\u0103 cercet\u0103m<br \/>\n\u015ei-n harul T\u0103u s\u0103 ne-ntreb\u0103m:<br \/>\nDe ce-ai f\u0103cut aceasta, oare?<br \/>\n\u015ei ne r\u0103spundem prin Cuv\u00e2nt:<br \/>\nIubirea-i baza-n planul sf\u00e2nt,<br \/>\nPrincipiul de r\u0103scump\u0103rare!<\/p>\n<p>Flavius Laurian Duverna<br \/>\n07 august 2012<\/p>\n","protected":false},"excerpt":{"rendered":"<p>Ce tem\u0103 Doamne!&#8230; Ce tem\u0103 Doamne-n\u0103l\u0163\u0103toare Ne-ai dat prin jertfa din Calvar A dragostei f\u0103r-de hotar, Expus\u0103-n jertfa Ta cea mare Prin planul sf\u00e2nt al m\u00e2ntuirii Pentru-mp\u0103carea omenirii, Prin jertfa cea isp\u0103\u015fitoare! Ce tem\u0103 Doamne-n\u0103l\u0163\u0103toare Ne-ai dat ca noi s\u0103 medit\u0103m C\u00e2t mai ad\u00e2nc s\u0103 cuget\u0103m, Cum din p\u0103cat ne-ai dat iertare Prin dragostea Ta [&hellip;]<\/p>\n","protected":false},"author":9,"featured_media":0,"comment_status":"open","ping_status":"closed","sticky":false,"template":"","format":"standard","meta":{"_monsterinsights_skip_tracking":false,"_monsterinsights_sitenote_active":false,"_monsterinsights_sitenote_note":"","_monsterinsights_sitenote_category":0,"footnotes":""},"categories":[134,127],"tags":[224,215,208,209,126,47],"class_list":["post-3457","post","type-post","status-publish","format-standard","hentry","category-generale","category-speranta","tag-calvar","tag-duverna","tag-flavius","tag-laurian","tag-poezie","tag-salvare"],"_links":{"self":[{"href":"https:\/\/intercer.net\/blogs\/poeziisieditoriale\/wp-json\/wp\/v2\/posts\/3457","targetHints":{"allow":["GET"]}}],"collection":[{"href":"https:\/\/intercer.net\/blogs\/poeziisieditoriale\/wp-json\/wp\/v2\/posts"}],"about":[{"href":"https:\/\/intercer.net\/blogs\/poeziisieditoriale\/wp-json\/wp\/v2\/types\/post"}],"author":[{"embeddable":true,"href":"https:\/\/intercer.net\/blogs\/poeziisieditoriale\/wp-json\/wp\/v2\/users\/9"}],"replies":[{"embeddable":true,"href":"https:\/\/intercer.net\/blogs\/poeziisieditoriale\/wp-json\/wp\/v2\/comments?post=3457"}],"version-history":[{"count":2,"href":"https:\/\/intercer.net\/blogs\/poeziisieditoriale\/wp-json\/wp\/v2\/posts\/3457\/revisions"}],"predecessor-version":[{"id":3460,"href":"https:\/\/intercer.net\/blogs\/poeziisieditoriale\/wp-json\/wp\/v2\/posts\/3457\/revisions\/3460"}],"wp:attachment":[{"href":"https:\/\/intercer.net\/blogs\/poeziisieditoriale\/wp-json\/wp\/v2\/media?parent=3457"}],"wp:term":[{"taxonomy":"category","embeddable":true,"href":"https:\/\/intercer.net\/blogs\/poeziisieditoriale\/wp-json\/wp\/v2\/categories?post=3457"},{"taxonomy":"post_tag","embeddable":true,"href":"https:\/\/intercer.net\/blogs\/poeziisieditoriale\/wp-json\/wp\/v2\/tags?post=3457"}],"curies":[{"name":"wp","href":"https:\/\/api.w.org\/{rel}","templated":true}]}}