{"id":3484,"date":"2012-11-15T21:12:46","date_gmt":"2012-11-16T05:12:46","guid":{"rendered":"http:\/\/intercer.net\/blogs\/poeziisieditoriale\/?p=3484"},"modified":"2012-11-20T20:16:08","modified_gmt":"2012-11-21T04:16:08","slug":"la-ndemnul-duhului-cel-sfant","status":"publish","type":"post","link":"https:\/\/intercer.net\/blogs\/poeziisieditoriale\/speranta\/la-ndemnul-duhului-cel-sfant.html","title":{"rendered":"La-ndemnul Duhului cel Sf\u00e2nt"},"content":{"rendered":"<p>La-ndemnul Duhului cel Sf\u00e2nt<\/p>\n<p>La-ndemnul Duhului cel Sf\u00e2nt<br \/>\nDe a veni-n zel la poc\u0103in\u0163\u0103,<br \/>\nDe-a cre\u015fte zilnic \u00een credin\u0163\u0103<br \/>\n\u015ei-a inra-n Noul Leg\u0103m\u00e2nt,<br \/>\nPrin dragostea Sa-ndur\u0103toare<br \/>\nPrin Jertfa Sf\u00e2nt\u0103 salvatoare,<br \/>\nM\u0103 plec \u015fi-nchin p\u00e2n-la p\u0103m\u00e2nt.<\/p>\n<p>\u00cen reveren\u0163a-I maiestuoas\u0103<br \/>\nReprezentant ceresc al Tat\u0103lui<br \/>\nContinu\u00e2nd lucrarea Fiului<br \/>\nDe-a m\u0103-nso\u0163i spre sf\u00e2nta cas\u0103,<br \/>\nVreau s\u0103 urmez al S\u0103u \u00eendemn<br \/>\n\u015ei s\u0103 tr\u0103iesc c\u00e2t mai solemn<br \/>\nO via\u0163\u0103-n jur c\u00e2t mai frumoas\u0103.<\/p>\n<p>La-ndemnul Duhului cel Sf\u00e2nt<br \/>\nDe-a fi statornic pe-a Sa cale<br \/>\nDe urc la deal sau merg la vale<br \/>\nS\u0103 fiu mereu tot \u00een av\u00e2nt,<br \/>\nP\u0103truns de Sf\u00e2nta bucurie<br \/>\nC\u0103 merg spre scumpa ve\u015fnicie,<br \/>\n\u015ei nu m\u0103 las de ispite-nfr\u00e2nt!<\/p>\n<p>Scrut\u00e2nd zarea mereu-nainte<br \/>\nLa \u0163inta ce mi-am pus \u00een fa\u0163\u0103<br \/>\nDe a-mi schimba \u00eentreaga via\u0163\u0103,<br \/>\nVreau s\u0103 fiu cu luare-aminte,<br \/>\n\u015ei-ndemnul Duhului cel Sf\u00e2nt<br \/>\n\u00cen via\u0163a aceasta pe p\u0103m\u00e2nt<br \/>\nS\u0103 m\u0103 conduc\u0103 pe c\u0103i sfinte!<\/p>\n<p>Flavius Laurian Duverna<br \/>\n11 august 2012<\/p>\n","protected":false},"excerpt":{"rendered":"<p>La-ndemnul Duhului cel Sf\u00e2nt La-ndemnul Duhului cel Sf\u00e2nt De a veni-n zel la poc\u0103in\u0163\u0103, De-a cre\u015fte zilnic \u00een credin\u0163\u0103 \u015ei-a inra-n Noul Leg\u0103m\u00e2nt, Prin dragostea Sa-ndur\u0103toare Prin Jertfa Sf\u00e2nt\u0103 salvatoare, M\u0103 plec \u015fi-nchin p\u00e2n-la p\u0103m\u00e2nt. \u00cen reveren\u0163a-I maiestuoas\u0103 Reprezentant ceresc al Tat\u0103lui Continu\u00e2nd lucrarea Fiului De-a m\u0103-nso\u0163i spre sf\u00e2nta cas\u0103, Vreau s\u0103 urmez al S\u0103u [&hellip;]<\/p>\n","protected":false},"author":9,"featured_media":0,"comment_status":"open","ping_status":"closed","sticky":false,"template":"","format":"standard","meta":{"_monsterinsights_skip_tracking":false,"_monsterinsights_sitenote_active":false,"_monsterinsights_sitenote_note":"","_monsterinsights_sitenote_category":0,"footnotes":""},"categories":[134,127],"tags":[7,215,208,209,226,126],"class_list":["post-3484","post","type-post","status-publish","format-standard","hentry","category-generale","category-speranta","tag-credinta","tag-duverna","tag-flavius","tag-laurian","tag-pamant","tag-poezie"],"_links":{"self":[{"href":"https:\/\/intercer.net\/blogs\/poeziisieditoriale\/wp-json\/wp\/v2\/posts\/3484","targetHints":{"allow":["GET"]}}],"collection":[{"href":"https:\/\/intercer.net\/blogs\/poeziisieditoriale\/wp-json\/wp\/v2\/posts"}],"about":[{"href":"https:\/\/intercer.net\/blogs\/poeziisieditoriale\/wp-json\/wp\/v2\/types\/post"}],"author":[{"embeddable":true,"href":"https:\/\/intercer.net\/blogs\/poeziisieditoriale\/wp-json\/wp\/v2\/users\/9"}],"replies":[{"embeddable":true,"href":"https:\/\/intercer.net\/blogs\/poeziisieditoriale\/wp-json\/wp\/v2\/comments?post=3484"}],"version-history":[{"count":2,"href":"https:\/\/intercer.net\/blogs\/poeziisieditoriale\/wp-json\/wp\/v2\/posts\/3484\/revisions"}],"predecessor-version":[{"id":3495,"href":"https:\/\/intercer.net\/blogs\/poeziisieditoriale\/wp-json\/wp\/v2\/posts\/3484\/revisions\/3495"}],"wp:attachment":[{"href":"https:\/\/intercer.net\/blogs\/poeziisieditoriale\/wp-json\/wp\/v2\/media?parent=3484"}],"wp:term":[{"taxonomy":"category","embeddable":true,"href":"https:\/\/intercer.net\/blogs\/poeziisieditoriale\/wp-json\/wp\/v2\/categories?post=3484"},{"taxonomy":"post_tag","embeddable":true,"href":"https:\/\/intercer.net\/blogs\/poeziisieditoriale\/wp-json\/wp\/v2\/tags?post=3484"}],"curies":[{"name":"wp","href":"https:\/\/api.w.org\/{rel}","templated":true}]}}