{"id":3557,"date":"2012-12-13T20:39:28","date_gmt":"2012-12-14T04:39:28","guid":{"rendered":"http:\/\/intercer.net\/blogs\/poeziisieditoriale\/?p=3557"},"modified":"2012-12-27T06:18:40","modified_gmt":"2012-12-27T14:18:40","slug":"de-cand-am-cunoscut-iubirea","status":"publish","type":"post","link":"https:\/\/intercer.net\/blogs\/poeziisieditoriale\/speranta\/de-cand-am-cunoscut-iubirea.html","title":{"rendered":"De c\u00e2nd am cunoscut Iubirea"},"content":{"rendered":"<p>De c\u00e2nd am cunoscut Iubirea<\/p>\n<p>De c\u00e2nd am cunoscut Iubirea<br \/>\nPrin Planul de crea\u0163iune,<br \/>\n\u00cen Sf\u00e2nta mare-N\u0163elepciune<br \/>\nSpre-a fi salvat\u0103 omenirea<br \/>\nDin neagra ei apostazie,<br \/>\nDoamne-am primit cu bucurie<br \/>\n\u015ei cu speran\u0163\u0103 sf\u00e2nt\u0103 \u015ftirea!<\/p>\n<p>De c\u00e2nd am cunoscut Iubirea<br \/>\nPrin Singurul T\u0103u Fiu predat<br \/>\nPentru al lumii grav p\u0103cat,<br \/>\nAm \u00een\u0163eles c\u0103-n r\u0103stignirea,<br \/>\nPrin jertf\u0103 poate s\u0103-l renasc\u0103,<br \/>\nPe p\u0103c\u0103tos, s\u0103-l m\u00e2ntuiasc\u0103<br \/>\nCum la-nceput a fost cu firea.<\/p>\n<p>De c\u00e2nd am cunoscut Iubirea<br \/>\nA\u015fa cum la Golgota a fost,<br \/>\nMi-a dovedit c\u0103 are-un rost<br \/>\nS\u0103-mi poat\u0103 face isp\u0103\u015firea&#8230;<br \/>\nPrin s\u00e2ngele-I ce L-a v\u0103rsat<br \/>\nC\u00e2nd S-a l\u0103sat crucificat<br \/>\nCa s\u0103-mi aduc\u0103 M\u00e2ntuirea.<\/p>\n<p>De c\u00e2nd am cunoscut Iubirea<br \/>\nCurg\u00e2nd \u00een susurul cel dulce,<br \/>\n\u015ei f\u0103r\u0103 murmur sub grea cruce<br \/>\nSpre-a-\u015fi dovedi neprih\u0103nirea&#8230;<br \/>\nLuceaf\u0103r Sf\u00e2nt de diminea\u0163\u0103,<br \/>\nPeste-n\u0103l\u0163imi de nori \u015fi cea\u0163\u0103,<br \/>\nPrin str\u0103lucire, \u0162i-ai menirea!<\/p>\n<p>Flavius Laurian Duverna<br \/>\n24 august 2012<\/p>\n","protected":false},"excerpt":{"rendered":"<p>De c\u00e2nd am cunoscut Iubirea De c\u00e2nd am cunoscut Iubirea Prin Planul de crea\u0163iune, \u00cen Sf\u00e2nta mare-N\u0163elepciune Spre-a fi salvat\u0103 omenirea Din neagra ei apostazie, Doamne-am primit cu bucurie \u015ei cu speran\u0163\u0103 sf\u00e2nt\u0103 \u015ftirea! De c\u00e2nd am cunoscut Iubirea Prin Singurul T\u0103u Fiu predat Pentru al lumii grav p\u0103cat, Am \u00een\u0163eles c\u0103-n r\u0103stignirea, Prin jertf\u0103 [&hellip;]<\/p>\n","protected":false},"author":9,"featured_media":0,"comment_status":"open","ping_status":"closed","sticky":false,"template":"","format":"standard","meta":{"_monsterinsights_skip_tracking":false,"_monsterinsights_sitenote_active":false,"_monsterinsights_sitenote_note":"","_monsterinsights_sitenote_category":0,"footnotes":""},"categories":[134,127],"tags":[8,215,208,375,209,126],"class_list":["post-3557","post","type-post","status-publish","format-standard","hentry","category-generale","category-speranta","tag-bucurie","tag-duverna","tag-flavius","tag-iubirea","tag-laurian","tag-poezie"],"_links":{"self":[{"href":"https:\/\/intercer.net\/blogs\/poeziisieditoriale\/wp-json\/wp\/v2\/posts\/3557","targetHints":{"allow":["GET"]}}],"collection":[{"href":"https:\/\/intercer.net\/blogs\/poeziisieditoriale\/wp-json\/wp\/v2\/posts"}],"about":[{"href":"https:\/\/intercer.net\/blogs\/poeziisieditoriale\/wp-json\/wp\/v2\/types\/post"}],"author":[{"embeddable":true,"href":"https:\/\/intercer.net\/blogs\/poeziisieditoriale\/wp-json\/wp\/v2\/users\/9"}],"replies":[{"embeddable":true,"href":"https:\/\/intercer.net\/blogs\/poeziisieditoriale\/wp-json\/wp\/v2\/comments?post=3557"}],"version-history":[{"count":2,"href":"https:\/\/intercer.net\/blogs\/poeziisieditoriale\/wp-json\/wp\/v2\/posts\/3557\/revisions"}],"predecessor-version":[{"id":3581,"href":"https:\/\/intercer.net\/blogs\/poeziisieditoriale\/wp-json\/wp\/v2\/posts\/3557\/revisions\/3581"}],"wp:attachment":[{"href":"https:\/\/intercer.net\/blogs\/poeziisieditoriale\/wp-json\/wp\/v2\/media?parent=3557"}],"wp:term":[{"taxonomy":"category","embeddable":true,"href":"https:\/\/intercer.net\/blogs\/poeziisieditoriale\/wp-json\/wp\/v2\/categories?post=3557"},{"taxonomy":"post_tag","embeddable":true,"href":"https:\/\/intercer.net\/blogs\/poeziisieditoriale\/wp-json\/wp\/v2\/tags?post=3557"}],"curies":[{"name":"wp","href":"https:\/\/api.w.org\/{rel}","templated":true}]}}