{"id":3611,"date":"2013-01-15T09:20:34","date_gmt":"2013-01-15T17:20:34","guid":{"rendered":"http:\/\/intercer.net\/blogs\/poeziisieditoriale\/?p=3611"},"modified":"2013-01-15T09:42:40","modified_gmt":"2013-01-15T17:42:40","slug":"cu-cine-doamne-pot-umbla","status":"publish","type":"post","link":"https:\/\/intercer.net\/blogs\/poeziisieditoriale\/speranta\/cu-cine-doamne-pot-umbla.html","title":{"rendered":"Cu cine Doamne pot umbla?"},"content":{"rendered":"<p>Cu cine Doamne pot umbla?<\/p>\n<p>Cu cine Doamne pot umbla<br \/>\n\u00cen lumea aceasta cu ispite<br \/>\nLa tot pasul r\u0103sp\u00e2ndite,<br \/>\nCu farmecul de-a m\u0103-mb\u0103ta<br \/>\n\u015ei-a m\u0103 tr\u00e2nti, pe calea Ta?<\/p>\n<p>Numai cu Tine, Domnul meu<br \/>\nEu umblu \u015fi \u00ce\u0163i mul\u0163umesc,<br \/>\nPentru c\u0103 \u00een harul T\u0103u ceresc<br \/>\n\u00cemi dai puteri s\u0103 trec de greu<br \/>\nPrin luptele vie\u0163ii mereu!<\/p>\n<p>Cu cine Doamne pot umbla<br \/>\nPrin valea pl\u00e2ngerii amare<br \/>\nDe-a Tale legi \u00een ascultare,<br \/>\nDe nu mai \u00eenso\u0163i \u00eentruna<br \/>\nCu-a Ta iubire-ntotdeauna?<\/p>\n<p>De nu mi-ai da \u00eencurajare<br \/>\nC\u0103 pentru mine-ai suferit,<br \/>\nC\u0103 drumul L-ai b\u0103t\u0103torit,<br \/>\nSpre Golgota cea jertfitoare<br \/>\nPrin Dragostea biruitoare?<\/p>\n<p>Cu cine Doamne pot umbla<br \/>\nPrin noaptea trist\u0103 a durerii,<br \/>\nC\u00e2nd niciun gest al m\u00e2ng\u00e2ierii<br \/>\nSpre mine nu s-ar \u00eendrepta<br \/>\nSuspinul spre a-mi u\u015fura?<\/p>\n<p>Dar Te am o, Doamne Sf\u00e2nt<br \/>\nLa dreapta mea ne\u00eencetat<br \/>\n\u015ei m-ocrote\u015fti ne-nt\u00e2rziat,<br \/>\nC\u0103ci m\u0103 \u00eencred \u00een Cuv\u00e2nt<br \/>\n\u015ei pa\u015fii-mi aperi pe p\u0103m\u00e2nt!<\/p>\n<p>Flavius Laurian Duverna<br \/>\n30 august 2012<\/p>\n","protected":false},"excerpt":{"rendered":"<p>Cu cine Doamne pot umbla? Cu cine Doamne pot umbla \u00cen lumea aceasta cu ispite La tot pasul r\u0103sp\u00e2ndite, Cu farmecul de-a m\u0103-mb\u0103ta \u015ei-a m\u0103 tr\u00e2nti, pe calea Ta? Numai cu Tine, Domnul meu Eu umblu \u015fi \u00ce\u0163i mul\u0163umesc, Pentru c\u0103 \u00een harul T\u0103u ceresc \u00cemi dai puteri s\u0103 trec de greu Prin luptele vie\u0163ii [&hellip;]<\/p>\n","protected":false},"author":9,"featured_media":0,"comment_status":"open","ping_status":"closed","sticky":false,"template":"","format":"standard","meta":{"_monsterinsights_skip_tracking":false,"_monsterinsights_sitenote_active":false,"_monsterinsights_sitenote_note":"","_monsterinsights_sitenote_category":0,"footnotes":""},"categories":[134,135,127],"tags":[391,215,208,209,226,126],"class_list":["post-3611","post","type-post","status-publish","format-standard","hentry","category-generale","category-isus-hristos","category-speranta","tag-cuvant","tag-duverna","tag-flavius","tag-laurian","tag-pamant","tag-poezie"],"_links":{"self":[{"href":"https:\/\/intercer.net\/blogs\/poeziisieditoriale\/wp-json\/wp\/v2\/posts\/3611","targetHints":{"allow":["GET"]}}],"collection":[{"href":"https:\/\/intercer.net\/blogs\/poeziisieditoriale\/wp-json\/wp\/v2\/posts"}],"about":[{"href":"https:\/\/intercer.net\/blogs\/poeziisieditoriale\/wp-json\/wp\/v2\/types\/post"}],"author":[{"embeddable":true,"href":"https:\/\/intercer.net\/blogs\/poeziisieditoriale\/wp-json\/wp\/v2\/users\/9"}],"replies":[{"embeddable":true,"href":"https:\/\/intercer.net\/blogs\/poeziisieditoriale\/wp-json\/wp\/v2\/comments?post=3611"}],"version-history":[{"count":1,"href":"https:\/\/intercer.net\/blogs\/poeziisieditoriale\/wp-json\/wp\/v2\/posts\/3611\/revisions"}],"predecessor-version":[{"id":3622,"href":"https:\/\/intercer.net\/blogs\/poeziisieditoriale\/wp-json\/wp\/v2\/posts\/3611\/revisions\/3622"}],"wp:attachment":[{"href":"https:\/\/intercer.net\/blogs\/poeziisieditoriale\/wp-json\/wp\/v2\/media?parent=3611"}],"wp:term":[{"taxonomy":"category","embeddable":true,"href":"https:\/\/intercer.net\/blogs\/poeziisieditoriale\/wp-json\/wp\/v2\/categories?post=3611"},{"taxonomy":"post_tag","embeddable":true,"href":"https:\/\/intercer.net\/blogs\/poeziisieditoriale\/wp-json\/wp\/v2\/tags?post=3611"}],"curies":[{"name":"wp","href":"https:\/\/api.w.org\/{rel}","templated":true}]}}