{"id":3613,"date":"2013-01-15T09:24:48","date_gmt":"2013-01-15T17:24:48","guid":{"rendered":"http:\/\/intercer.net\/blogs\/poeziisieditoriale\/?p=3613"},"modified":"2013-01-15T09:40:56","modified_gmt":"2013-01-15T17:40:56","slug":"de-n-ar-fi-doamne-harul-tau","status":"publish","type":"post","link":"https:\/\/intercer.net\/blogs\/poeziisieditoriale\/speranta\/de-n-ar-fi-doamne-harul-tau.html","title":{"rendered":"De n-ar fi Doamne harul T\u0103u!"},"content":{"rendered":"<p>De n-ar fi Doamne harul T\u0103u!<\/p>\n<p>De n-ar fi Doamne harul T\u0103u<br \/>\nPrin care azi s-am m\u00e2ntuire,<br \/>\nPrin care s\u0103-mi dai izb\u0103vire<br \/>\nDin tot ce-am f\u0103ptuit \u00een r\u0103u,<br \/>\nAtunci via\u0163a-mi, \u00een irosire,<br \/>\nS-ar termina \u00een os\u00e2ndire<br \/>\nRostogolit\u0103-n cruntul h\u0103u.<\/p>\n<p>De n-ar fi Doamne harul sf\u00e2nt<br \/>\n\u00cen care s-am r\u0103scump\u0103rare<br \/>\nPrin jertfa sacr\u0103 salvatoare<br \/>\nDin cel mai sublim leg\u0103m\u00e2nt,<br \/>\nAtunci via\u0163a-mi trec\u0103toare<br \/>\nPierdut\u0103-ar fi, f\u0103r-ezitare,<br \/>\n\u00cen haosul de pe p\u0103m\u00e2nt!<\/p>\n<p>De n-ar fi Doamne harul mare<br \/>\nCu m\u00e2ntuirea prin credin\u0163\u0103<br \/>\nC\u0103 Tu mi-ai dat \u015fi biruin\u0163\u0103!<br \/>\nPrin lupta grea, istovitoare<br \/>\nAi \u00eemplinit cruda sentin\u0163\u0103<br \/>\nPrin cea mai mare umilin\u0163\u0103,<br \/>\nF\u0103r\u0103 cuv\u00e2nt de murmurare!<\/p>\n<p>Flavius Laurian Duverna<br \/>\n01 eptembrie 2012 <\/p>\n","protected":false},"excerpt":{"rendered":"<p>De n-ar fi Doamne harul T\u0103u! De n-ar fi Doamne harul T\u0103u Prin care azi s-am m\u00e2ntuire, Prin care s\u0103-mi dai izb\u0103vire Din tot ce-am f\u0103ptuit \u00een r\u0103u, Atunci via\u0163a-mi, \u00een irosire, S-ar termina \u00een os\u00e2ndire Rostogolit\u0103-n cruntul h\u0103u. De n-ar fi Doamne harul sf\u00e2nt \u00cen care s-am r\u0103scump\u0103rare Prin jertfa sacr\u0103 salvatoare Din cel [&hellip;]<\/p>\n","protected":false},"author":9,"featured_media":0,"comment_status":"open","ping_status":"closed","sticky":false,"template":"","format":"standard","meta":{"_monsterinsights_skip_tracking":false,"_monsterinsights_sitenote_active":false,"_monsterinsights_sitenote_note":"","_monsterinsights_sitenote_category":0,"footnotes":""},"categories":[136,134,127],"tags":[7,215,208,209,226,126],"class_list":["post-3613","post","type-post","status-publish","format-standard","hentry","category-evenimente","category-generale","category-speranta","tag-credinta","tag-duverna","tag-flavius","tag-laurian","tag-pamant","tag-poezie"],"_links":{"self":[{"href":"https:\/\/intercer.net\/blogs\/poeziisieditoriale\/wp-json\/wp\/v2\/posts\/3613","targetHints":{"allow":["GET"]}}],"collection":[{"href":"https:\/\/intercer.net\/blogs\/poeziisieditoriale\/wp-json\/wp\/v2\/posts"}],"about":[{"href":"https:\/\/intercer.net\/blogs\/poeziisieditoriale\/wp-json\/wp\/v2\/types\/post"}],"author":[{"embeddable":true,"href":"https:\/\/intercer.net\/blogs\/poeziisieditoriale\/wp-json\/wp\/v2\/users\/9"}],"replies":[{"embeddable":true,"href":"https:\/\/intercer.net\/blogs\/poeziisieditoriale\/wp-json\/wp\/v2\/comments?post=3613"}],"version-history":[{"count":1,"href":"https:\/\/intercer.net\/blogs\/poeziisieditoriale\/wp-json\/wp\/v2\/posts\/3613\/revisions"}],"predecessor-version":[{"id":3621,"href":"https:\/\/intercer.net\/blogs\/poeziisieditoriale\/wp-json\/wp\/v2\/posts\/3613\/revisions\/3621"}],"wp:attachment":[{"href":"https:\/\/intercer.net\/blogs\/poeziisieditoriale\/wp-json\/wp\/v2\/media?parent=3613"}],"wp:term":[{"taxonomy":"category","embeddable":true,"href":"https:\/\/intercer.net\/blogs\/poeziisieditoriale\/wp-json\/wp\/v2\/categories?post=3613"},{"taxonomy":"post_tag","embeddable":true,"href":"https:\/\/intercer.net\/blogs\/poeziisieditoriale\/wp-json\/wp\/v2\/tags?post=3613"}],"curies":[{"name":"wp","href":"https:\/\/api.w.org\/{rel}","templated":true}]}}