{"id":3615,"date":"2013-01-15T09:29:08","date_gmt":"2013-01-15T17:29:08","guid":{"rendered":"http:\/\/intercer.net\/blogs\/poeziisieditoriale\/?p=3615"},"modified":"2013-01-15T09:36:00","modified_gmt":"2013-01-15T17:36:00","slug":"o-isuse-doamne-prea-marit","status":"publish","type":"post","link":"https:\/\/intercer.net\/blogs\/poeziisieditoriale\/speranta\/o-isuse-doamne-prea-marit.html","title":{"rendered":"O, Isuse Doamne, prea m\u0103rit!"},"content":{"rendered":"<p>O, Isuse Doamne, pea m\u0103rit!<\/p>\n<p>O, Isuse Doamne, prea m\u0103rit,<br \/>\nC\u00e2t de sublim e al T\u0103u nume!<br \/>\nCa el nu este alt nume-n lume<br \/>\nAt\u00e2t de scump \u015fi prea-iubit,<br \/>\n\u015ei-at\u00e2t de drag \u015fi prosl\u0103vit<br \/>\nPrin vorbe ce se poate spune,<br \/>\nDespre iubirea-\u0162i ce n-apune!<\/p>\n<p>Tu-ai cobor\u00eet din cerul sf\u00e2nt<br \/>\n\u00cen lumea ce-\u0162i era str\u0103in\u0103,<br \/>\nS-aduci potopul de lumin\u0103<br \/>\nPrin r\u0103sp\u00e2ndirea din Cuv\u00e2nt<br \/>\n\u00cen \u00eentunericul de pe p\u0103m\u00e2nt,<br \/>\n\u015ei s\u0103 veste\u015fti voia-\u0162i deplin\u0103<br \/>\nPrin via\u0163a sf\u00e2nt\u0103 \u015fi divin\u0103!<\/p>\n<p>O, Isuse Doamne, prea-n\u0103l\u0163at,<br \/>\nC\u00e2t de ad\u00e2nc\u0103, a fost Iubirea<br \/>\nC\u0103 te-a costat via\u0163a-n jertfirea<br \/>\nC\u00e2nd mor\u0163ii lini\u015ftit Te-ai dat<br \/>\nCa un miel bl\u00e2nd, nevinovat<br \/>\nCa s\u0103 ne-aduci neprih\u0103nirea<br \/>\nPrin r\u0103stignire, m\u00e2ntuirea!<\/p>\n<p>Astfel, f\u0103cut-ai recuperarea<br \/>\n\u015ei-a lumii ce era pierdut\u0103,<br \/>\nPrin ispitirea cea-nceput\u0103<br \/>\nAtunci c\u00e2nd a venit cercarea<br \/>\nS\u0103 dovedeasc\u0103 ascultarea,<br \/>\nPrin inima de har umplut\u0103<br \/>\nA dragostei nepref\u0103cut\u0103!<\/p>\n<p>O, Isuse Doamne, prea sl\u0103vit<br \/>\nDe \u00eengerii cei sfin\u0163i din cer<br \/>\nCe lupta-au dus cu Lucifer<br \/>\n\u015ei pentru veci I-ai izb\u0103vit,<br \/>\nIar ceru-n pace-a devenit<br \/>\nPrin harul T\u0103u nici eu nu pier,<br \/>\nC\u0103ci l-ai \u00eenvins cu bra\u0163 de fier!<\/p>\n<p>La Golgota, crucea-n\u0103l\u0163at\u0103<br \/>\nCu Jertfa cea pentru p\u0103cate<br \/>\nPrin s\u00e2ngele cel sf\u00e2nt sp\u0103late,<br \/>\nPrin moarte a fost ar\u0103tat\u0103<br \/>\n\u015ei lumii-ntregi demonstrat\u0103,<br \/>\nC\u0103 vie\u0163i au fost r\u0103scump\u0103rate<br \/>\n\u015ei m\u00e2ntuite prin dreptate.<\/p>\n<p>Flavius Laurian Duverna<br \/>\n03 septembrie 2012<\/p>\n","protected":false},"excerpt":{"rendered":"<p>O, Isuse Doamne, pea m\u0103rit! O, Isuse Doamne, prea m\u0103rit, C\u00e2t de sublim e al T\u0103u nume! Ca el nu este alt nume-n lume At\u00e2t de scump \u015fi prea-iubit, \u015ei-at\u00e2t de drag \u015fi prosl\u0103vit Prin vorbe ce se poate spune, Despre iubirea-\u0162i ce n-apune! Tu-ai cobor\u00eet din cerul sf\u00e2nt \u00cen lumea ce-\u0162i era str\u0103in\u0103, S-aduci [&hellip;]<\/p>\n","protected":false},"author":9,"featured_media":0,"comment_status":"open","ping_status":"closed","sticky":false,"template":"","format":"standard","meta":{"_monsterinsights_skip_tracking":false,"_monsterinsights_sitenote_active":false,"_monsterinsights_sitenote_note":"","_monsterinsights_sitenote_category":0,"footnotes":""},"categories":[134,135,127],"tags":[391,215,208,209,226,126],"class_list":["post-3615","post","type-post","status-publish","format-standard","hentry","category-generale","category-isus-hristos","category-speranta","tag-cuvant","tag-duverna","tag-flavius","tag-laurian","tag-pamant","tag-poezie"],"_links":{"self":[{"href":"https:\/\/intercer.net\/blogs\/poeziisieditoriale\/wp-json\/wp\/v2\/posts\/3615","targetHints":{"allow":["GET"]}}],"collection":[{"href":"https:\/\/intercer.net\/blogs\/poeziisieditoriale\/wp-json\/wp\/v2\/posts"}],"about":[{"href":"https:\/\/intercer.net\/blogs\/poeziisieditoriale\/wp-json\/wp\/v2\/types\/post"}],"author":[{"embeddable":true,"href":"https:\/\/intercer.net\/blogs\/poeziisieditoriale\/wp-json\/wp\/v2\/users\/9"}],"replies":[{"embeddable":true,"href":"https:\/\/intercer.net\/blogs\/poeziisieditoriale\/wp-json\/wp\/v2\/comments?post=3615"}],"version-history":[{"count":1,"href":"https:\/\/intercer.net\/blogs\/poeziisieditoriale\/wp-json\/wp\/v2\/posts\/3615\/revisions"}],"predecessor-version":[{"id":3619,"href":"https:\/\/intercer.net\/blogs\/poeziisieditoriale\/wp-json\/wp\/v2\/posts\/3615\/revisions\/3619"}],"wp:attachment":[{"href":"https:\/\/intercer.net\/blogs\/poeziisieditoriale\/wp-json\/wp\/v2\/media?parent=3615"}],"wp:term":[{"taxonomy":"category","embeddable":true,"href":"https:\/\/intercer.net\/blogs\/poeziisieditoriale\/wp-json\/wp\/v2\/categories?post=3615"},{"taxonomy":"post_tag","embeddable":true,"href":"https:\/\/intercer.net\/blogs\/poeziisieditoriale\/wp-json\/wp\/v2\/tags?post=3615"}],"curies":[{"name":"wp","href":"https:\/\/api.w.org\/{rel}","templated":true}]}}