{"id":3627,"date":"2013-01-24T03:32:39","date_gmt":"2013-01-24T11:32:39","guid":{"rendered":"http:\/\/intercer.net\/blogs\/poeziisieditoriale\/?p=3627"},"modified":"2013-02-01T04:06:44","modified_gmt":"2013-02-01T12:06:44","slug":"unde-as-fi-fost-doamne-isuse","status":"publish","type":"post","link":"https:\/\/intercer.net\/blogs\/poeziisieditoriale\/speranta\/unde-as-fi-fost-doamne-isuse.html","title":{"rendered":"Unde-a\u015f fi fost, Doamne Isuse!"},"content":{"rendered":"<p>Unde-a\u015f fi fost, Doamne Isuse!<\/p>\n<p>Unde-a\u015f fi fost, Doamne Isuse<br \/>\nDe n-a\u015f fi cunoscut Iubirea,<br \/>\nCe-ai ar\u0103tat-o-n r\u0103stignirea<br \/>\nPe cruce cu m\u00e2inile-ntinse,<br \/>\nCa s\u0103 cuprinzi toat-omenirea<br \/>\nS\u0103-i dai pe deplin m\u00e2ntuirea?<\/p>\n<p>Probabil, c\u0103 \u00een largul lumii<br \/>\nCu-al ei tumult \u00eenspre pierzare<br \/>\nM\u00e2nat de-o for\u0163\u0103-n r\u0103sculare,<br \/>\nS\u0103 pier, \u00een ad\u00e2ncul genunii<br \/>\nF\u0103r\u0103 putin\u0163\u0103 de sc\u0103pare,<br \/>\nC\u0103ci nu \u015ftiam de-a Ta salvare!<\/p>\n<p>Unde-a\u015f fi fost, Doamne Isuse<br \/>\nDe dragostea-\u0162i, n-a\u015f fi \u015ftiut,<br \/>\nDreptatea n-a\u015f fi cunoscut<br \/>\nPrin adev\u0103ruri sfinte spuse,<br \/>\nLa libertatea ce-am avut<br \/>\nS\u0103 merg pe calea ce am vrut?<\/p>\n<p>Desigur, c\u0103 \u00een v\u0103lm\u0103\u015feala<br \/>\nAcestei lumi care se zbate,<br \/>\nS\u0103 urce-n sus prin nedreptate<br \/>\n\u015ei s\u0103-\u015fi ridice astfel fala<br \/>\nPeste-omenie \u015fi dreptate,<br \/>\nC\u0103lc\u00e2nd legi \u00een str\u00e2mb\u0103tate!<\/p>\n<p>Dar, Isuse Doamne, slav\u0103 \u0162ie<br \/>\nC\u0103 \u0162i-am aflat iubirea mare<br \/>\nPrin care am r\u0103scump\u0103rare<br \/>\n\u015ei-un loc \u00een sf\u00e2nta ve\u015fnicie,<br \/>\nPrin jertfa Ta cea salvatoare<br \/>\nCe-n lume n-are, asem\u0103nare!<\/p>\n<p>Flavius Laurian Duverna<br \/>\n05 septembrie 2012<\/p>\n","protected":false},"excerpt":{"rendered":"<p>Unde-a\u015f fi fost, Doamne Isuse! Unde-a\u015f fi fost, Doamne Isuse De n-a\u015f fi cunoscut Iubirea, Ce-ai ar\u0103tat-o-n r\u0103stignirea Pe cruce cu m\u00e2inile-ntinse, Ca s\u0103 cuprinzi toat-omenirea S\u0103-i dai pe deplin m\u00e2ntuirea? Probabil, c\u0103 \u00een largul lumii Cu-al ei tumult \u00eenspre pierzare M\u00e2nat de-o for\u0163\u0103-n r\u0103sculare, S\u0103 pier, \u00een ad\u00e2ncul genunii F\u0103r\u0103 putin\u0163\u0103 de sc\u0103pare, C\u0103ci [&hellip;]<\/p>\n","protected":false},"author":9,"featured_media":0,"comment_status":"open","ping_status":"closed","sticky":false,"template":"","format":"standard","meta":{"_monsterinsights_skip_tracking":false,"_monsterinsights_sitenote_active":false,"_monsterinsights_sitenote_note":"","_monsterinsights_sitenote_category":0,"footnotes":""},"categories":[134,127],"tags":[215,208,375,209,126,404],"class_list":["post-3627","post","type-post","status-publish","format-standard","hentry","category-generale","category-speranta","tag-duverna","tag-flavius","tag-iubirea","tag-laurian","tag-poezie","tag-vesnicie"],"_links":{"self":[{"href":"https:\/\/intercer.net\/blogs\/poeziisieditoriale\/wp-json\/wp\/v2\/posts\/3627","targetHints":{"allow":["GET"]}}],"collection":[{"href":"https:\/\/intercer.net\/blogs\/poeziisieditoriale\/wp-json\/wp\/v2\/posts"}],"about":[{"href":"https:\/\/intercer.net\/blogs\/poeziisieditoriale\/wp-json\/wp\/v2\/types\/post"}],"author":[{"embeddable":true,"href":"https:\/\/intercer.net\/blogs\/poeziisieditoriale\/wp-json\/wp\/v2\/users\/9"}],"replies":[{"embeddable":true,"href":"https:\/\/intercer.net\/blogs\/poeziisieditoriale\/wp-json\/wp\/v2\/comments?post=3627"}],"version-history":[{"count":2,"href":"https:\/\/intercer.net\/blogs\/poeziisieditoriale\/wp-json\/wp\/v2\/posts\/3627\/revisions"}],"predecessor-version":[{"id":3649,"href":"https:\/\/intercer.net\/blogs\/poeziisieditoriale\/wp-json\/wp\/v2\/posts\/3627\/revisions\/3649"}],"wp:attachment":[{"href":"https:\/\/intercer.net\/blogs\/poeziisieditoriale\/wp-json\/wp\/v2\/media?parent=3627"}],"wp:term":[{"taxonomy":"category","embeddable":true,"href":"https:\/\/intercer.net\/blogs\/poeziisieditoriale\/wp-json\/wp\/v2\/categories?post=3627"},{"taxonomy":"post_tag","embeddable":true,"href":"https:\/\/intercer.net\/blogs\/poeziisieditoriale\/wp-json\/wp\/v2\/tags?post=3627"}],"curies":[{"name":"wp","href":"https:\/\/api.w.org\/{rel}","templated":true}]}}