{"id":3656,"date":"2013-02-08T04:46:50","date_gmt":"2013-02-08T12:46:50","guid":{"rendered":"http:\/\/intercer.net\/blogs\/poeziisieditoriale\/?p=3656"},"modified":"2013-02-15T11:20:36","modified_gmt":"2013-02-15T19:20:36","slug":"daca-traiesc-iubite-doamne","status":"publish","type":"post","link":"https:\/\/intercer.net\/blogs\/poeziisieditoriale\/speranta\/daca-traiesc-iubite-doamne.html","title":{"rendered":"Dac\u0103 tr\u0103iesc, iubite Doamne!"},"content":{"rendered":"<p>Dac\u0103 tr\u0103iesc, iubite Doamne!<\/p>\n<p>Dac\u0103 tr\u0103iesc, iubite Doamne,<br \/>\nEste-o minune-n harul mare<br \/>\nA Dragostei, cea jertfitoare,<br \/>\nCe nimeni, n-o s-o r\u0103stoarne;<br \/>\nEa e mai tare dec\u00e2t moartea,<br \/>\nCe-mi hot\u0103r\u00e2se, deja partea!<\/p>\n<p>Din ghiara ei prins \u00een p\u0103cat<br \/>\nN-a\u015f fi avut \u00een veci sc\u0103pare,<br \/>\nDac\u0103-n iubirea Ta cea mare<br \/>\nNu a\u015f fi fost r\u0103scump\u0103rat<br \/>\nPrin planul sf\u00e2nt de m\u00e2ntuire<br \/>\nCu punctul terminus: Jertfire!<\/p>\n<p>Dac\u0103 tr\u0103iesc, Doamne-i voin\u0163a<br \/>\nA Ta-n harul, ce m-a cuprins<br \/>\n\u015ei-n Jertfa Golgotei, a-nvins,<br \/>\nCa s\u0103-mi transfere biruin\u0163a<br \/>\n\u00cen lupta grea ce-a fost purtat\u0103<br \/>\nPrin r\u0103stignirea confirmat\u0103!<\/p>\n<p>Chemat, prin Sf\u00e2ntul Cuv\u00e2nt<br \/>\nPrin vestea bun\u0103-a izb\u0103virii<br \/>\nC\u0103-a sosit timpul m\u00e2ntuirii<br \/>\nPrin Jertfa-n noul Leg\u0103m\u00e2nt,<br \/>\nM\u0103-nchin plecat \u00een umilin\u0163\u0103,<br \/>\nC\u0103-n har via\u0163a-i, cu putin\u0163\u0103!<\/p>\n<p>Dac\u0103 tr\u0103iesc o, Doamne sf\u00e2nt<br \/>\nEste-o minune, a izb\u0103virii<br \/>\nPrin actul sublim al jertfirii,<br \/>\nVenit din ceruri pe p\u0103m\u00e2nt<br \/>\nS\u0103-\u015fi dovedeasc\u0103 \u00eenjosirea,<br \/>\nPentru-a da lumii m\u00e2ntuirea,<\/p>\n<p>\u015ei pentru a spune-n Univers<br \/>\nC-a fost salvat\u0103 guvernarea<br \/>\nAmenin\u0163at\u0103 cu schimbarea<br \/>\nDe Lucifer, \u015fi-al lui demers,<br \/>\nPrecum c\u0103 \u00een lumile create<br \/>\nNu mai au drept la libertate!<\/p>\n<p>Dac\u0103 tr\u0103iesc o, Domnul meu<br \/>\nE pentru c\u0103-s a Ta f\u0103ptur\u0103<br \/>\nN\u0103scut din calcul \u015fi m\u0103sur\u0103,<br \/>\nPrin voia Ta, de Dumnezeu,<br \/>\nCel Singur Ve\u015fnic, Creator,<br \/>\nUnic, cel ce dai via\u0163\u0103 tutuor!<\/p>\n<p>Cel ce-n marea-\u0162i bun\u0103tate<br \/>\n\u015ei-n dragostea nem\u0103rginit\u0103,<br \/>\nAi acceptat via\u0163a-\u0162i jertfit\u0103<br \/>\n\u015ei-a ierta lumea din p\u0103cate,<br \/>\nSpre a-mplini scopul cre\u0103rii<br \/>\nPrin actul trist al perturb\u0103rii.<\/p>\n<p>Dac\u0103 tr\u0103iesc, Doamne se cade<br \/>\nS\u0103-\u0162i aduc slav\u0103 \u015fi-nchinare,<br \/>\nS\u0103-\u0162i aduc glorie \u00een adorare<br \/>\nPentru c-ai str\u00e2ns at\u00e2tea roade<br \/>\n&#8216;Ntre care sunt cuprins \u015fi eu<br \/>\n\u00cen dragoste, sf\u00e2nt Dumnezeu!<\/p>\n<p>Flavius Laurian Duverna<br \/>\n15 septembrie 2012<\/p>\n","protected":false},"excerpt":{"rendered":"<p>Dac\u0103 tr\u0103iesc, iubite Doamne! Dac\u0103 tr\u0103iesc, iubite Doamne, Este-o minune-n harul mare A Dragostei, cea jertfitoare, Ce nimeni, n-o s-o r\u0103stoarne; Ea e mai tare dec\u00e2t moartea, Ce-mi hot\u0103r\u00e2se, deja partea! Din ghiara ei prins \u00een p\u0103cat N-a\u015f fi avut \u00een veci sc\u0103pare, Dac\u0103-n iubirea Ta cea mare Nu a\u015f fi fost r\u0103scump\u0103rat Prin planul [&hellip;]<\/p>\n","protected":false},"author":9,"featured_media":0,"comment_status":"open","ping_status":"closed","sticky":false,"template":"","format":"standard","meta":{"_monsterinsights_skip_tracking":false,"_monsterinsights_sitenote_active":false,"_monsterinsights_sitenote_note":"","_monsterinsights_sitenote_category":0,"footnotes":""},"categories":[134,127],"tags":[43,215,208,209,214,126],"class_list":["post-3656","post","type-post","status-publish","format-standard","hentry","category-generale","category-speranta","tag-dumnezeu","tag-duverna","tag-flavius","tag-laurian","tag-mantuire","tag-poezie"],"_links":{"self":[{"href":"https:\/\/intercer.net\/blogs\/poeziisieditoriale\/wp-json\/wp\/v2\/posts\/3656","targetHints":{"allow":["GET"]}}],"collection":[{"href":"https:\/\/intercer.net\/blogs\/poeziisieditoriale\/wp-json\/wp\/v2\/posts"}],"about":[{"href":"https:\/\/intercer.net\/blogs\/poeziisieditoriale\/wp-json\/wp\/v2\/types\/post"}],"author":[{"embeddable":true,"href":"https:\/\/intercer.net\/blogs\/poeziisieditoriale\/wp-json\/wp\/v2\/users\/9"}],"replies":[{"embeddable":true,"href":"https:\/\/intercer.net\/blogs\/poeziisieditoriale\/wp-json\/wp\/v2\/comments?post=3656"}],"version-history":[{"count":1,"href":"https:\/\/intercer.net\/blogs\/poeziisieditoriale\/wp-json\/wp\/v2\/posts\/3656\/revisions"}],"predecessor-version":[{"id":3667,"href":"https:\/\/intercer.net\/blogs\/poeziisieditoriale\/wp-json\/wp\/v2\/posts\/3656\/revisions\/3667"}],"wp:attachment":[{"href":"https:\/\/intercer.net\/blogs\/poeziisieditoriale\/wp-json\/wp\/v2\/media?parent=3656"}],"wp:term":[{"taxonomy":"category","embeddable":true,"href":"https:\/\/intercer.net\/blogs\/poeziisieditoriale\/wp-json\/wp\/v2\/categories?post=3656"},{"taxonomy":"post_tag","embeddable":true,"href":"https:\/\/intercer.net\/blogs\/poeziisieditoriale\/wp-json\/wp\/v2\/tags?post=3656"}],"curies":[{"name":"wp","href":"https:\/\/api.w.org\/{rel}","templated":true}]}}