{"id":3657,"date":"2013-02-08T04:48:43","date_gmt":"2013-02-08T12:48:43","guid":{"rendered":"http:\/\/intercer.net\/blogs\/poeziisieditoriale\/?p=3657"},"modified":"2013-02-15T11:18:34","modified_gmt":"2013-02-15T19:18:34","slug":"lasat-a-i-doamne-cerul-sfant","status":"publish","type":"post","link":"https:\/\/intercer.net\/blogs\/poeziisieditoriale\/speranta\/lasat-a-i-doamne-cerul-sfant.html","title":{"rendered":"L\u0103sat-a-I Doamne, cerul sf\u00e2nt!"},"content":{"rendered":"<p>L\u0103sat-a-I Doamne, cerul sf\u00e2nt!<\/p>\n<p>L\u0103sat-a-I Doamne, cerul sf\u00e2nt<br \/>\nPentru m\u0103rea\u0163a \u00eemplinire<br \/>\nA Planului de M\u00e2ntuire,<br \/>\nCa omul cel de pe p\u0103m\u00e2nt<br \/>\nAflat sub greaua os\u00e2ndire<br \/>\nPrin jertfa-\u0162i s-aib\u0103 izb\u0103vire,<br \/>\nDin p\u0103cat \u015fi-al lui morm\u00e2nt.<\/p>\n<p>L\u0103sat-a-I Doamne, cerul sf\u00e2nt<br \/>\nCu-a lui nespus\u0103 fericire,<br \/>\nCu pacea-n ve\u015fnic\u0103 iubire,<br \/>\nCu coruri \u00eengere\u015fti \u00een c\u00e2nt<br \/>\nSl\u0103vind puterea-\u0162i \u00een m\u0103rire<br \/>\nA slavei \u00een des\u0103v\u00e2r\u015fire<br \/>\nCe ne-ncetat cre\u015fte-n av\u00e2nt.<\/p>\n<p>L\u0103sat-a-i Doamne, cerul sf\u00e2nt<br \/>\nCa s\u0103 Te pleci prin \u00eenjosire<br \/>\n\u00cen cea mai de jos umilire,<br \/>\n\u00cempotriviri \u015ftiind c\u0103 sunt<br \/>\nDin partea lumii \u00een orbire,<br \/>\nPrin nebuloasa am\u0103gire<br \/>\nA celui r\u0103u, de pe p\u0103m\u00e2nt.<\/p>\n<p>Din dragoste Doamne-ai venit<br \/>\nS-aduci iertarea de p\u0103cate<br \/>\n\u00cen ascultarea de dreptate<br \/>\nPrin Legea care-ai \u00eemplinit,<br \/>\nCa p\u0103c\u0103tosul, f\u0103r\u0103 fapte<br \/>\nNeprih\u0103nit s\u0103 fie-n toate<br \/>\nC\u0103ci pentru el Tu Te-ai jertfit!<\/p>\n<p>Flavius Laurian Duverna<br \/>\n16 septembrie 2012<\/p>\n","protected":false},"excerpt":{"rendered":"<p>L\u0103sat-a-I Doamne, cerul sf\u00e2nt! L\u0103sat-a-I Doamne, cerul sf\u00e2nt Pentru m\u0103rea\u0163a \u00eemplinire A Planului de M\u00e2ntuire, Ca omul cel de pe p\u0103m\u00e2nt Aflat sub greaua os\u00e2ndire Prin jertfa-\u0162i s-aib\u0103 izb\u0103vire, Din p\u0103cat \u015fi-al lui morm\u00e2nt. L\u0103sat-a-I Doamne, cerul sf\u00e2nt Cu-a lui nespus\u0103 fericire, Cu pacea-n ve\u015fnic\u0103 iubire, Cu coruri \u00eengere\u015fti \u00een c\u00e2nt Sl\u0103vind puterea-\u0162i \u00een m\u0103rire [&hellip;]<\/p>\n","protected":false},"author":9,"featured_media":0,"comment_status":"open","ping_status":"closed","sticky":false,"template":"","format":"standard","meta":{"_monsterinsights_skip_tracking":false,"_monsterinsights_sitenote_active":false,"_monsterinsights_sitenote_note":"","_monsterinsights_sitenote_category":0,"footnotes":""},"categories":[134,127],"tags":[215,208,31,209,214,126],"class_list":["post-3657","post","type-post","status-publish","format-standard","hentry","category-generale","category-speranta","tag-duverna","tag-flavius","tag-iubire","tag-laurian","tag-mantuire","tag-poezie"],"_links":{"self":[{"href":"https:\/\/intercer.net\/blogs\/poeziisieditoriale\/wp-json\/wp\/v2\/posts\/3657","targetHints":{"allow":["GET"]}}],"collection":[{"href":"https:\/\/intercer.net\/blogs\/poeziisieditoriale\/wp-json\/wp\/v2\/posts"}],"about":[{"href":"https:\/\/intercer.net\/blogs\/poeziisieditoriale\/wp-json\/wp\/v2\/types\/post"}],"author":[{"embeddable":true,"href":"https:\/\/intercer.net\/blogs\/poeziisieditoriale\/wp-json\/wp\/v2\/users\/9"}],"replies":[{"embeddable":true,"href":"https:\/\/intercer.net\/blogs\/poeziisieditoriale\/wp-json\/wp\/v2\/comments?post=3657"}],"version-history":[{"count":1,"href":"https:\/\/intercer.net\/blogs\/poeziisieditoriale\/wp-json\/wp\/v2\/posts\/3657\/revisions"}],"predecessor-version":[{"id":3666,"href":"https:\/\/intercer.net\/blogs\/poeziisieditoriale\/wp-json\/wp\/v2\/posts\/3657\/revisions\/3666"}],"wp:attachment":[{"href":"https:\/\/intercer.net\/blogs\/poeziisieditoriale\/wp-json\/wp\/v2\/media?parent=3657"}],"wp:term":[{"taxonomy":"category","embeddable":true,"href":"https:\/\/intercer.net\/blogs\/poeziisieditoriale\/wp-json\/wp\/v2\/categories?post=3657"},{"taxonomy":"post_tag","embeddable":true,"href":"https:\/\/intercer.net\/blogs\/poeziisieditoriale\/wp-json\/wp\/v2\/tags?post=3657"}],"curies":[{"name":"wp","href":"https:\/\/api.w.org\/{rel}","templated":true}]}}