{"id":3677,"date":"2013-02-28T09:59:03","date_gmt":"2013-02-28T17:59:03","guid":{"rendered":"http:\/\/intercer.net\/blogs\/poeziisieditoriale\/?p=3677"},"modified":"2013-03-01T06:44:24","modified_gmt":"2013-03-01T14:44:24","slug":"dezleaga-ti-lantul-rautatii","status":"publish","type":"post","link":"https:\/\/intercer.net\/blogs\/poeziisieditoriale\/speranta\/dezleaga-ti-lantul-rautatii.html","title":{"rendered":"Dezleag\u0103-\u0163i lan\u0163ul r\u0103ut\u0103\u0163ii!"},"content":{"rendered":"<p>Dezleag\u0103-\u0163i lan\u0163ul r\u0103ut\u0103\u0163ii!<\/p>\n<p>Dezleag\u0103-\u0163i lan\u0163ul r\u0103ut\u0103\u0163ii<br \/>\nCu care cel r\u0103u te-a \u00eencins<br \/>\n\u015ei-n \u00eentregime te-a cuprins,<br \/>\nO, \u00een detrimentul drept\u0103\u0163ii<br \/>\n\u00cempotmolit\u0103-n pia\u0163a ob\u015ftii,<br \/>\nDe-at\u00e2ta r\u0103u ce s-a extins!<\/p>\n<p>S\u0103 \u015ftii c\u0103 de-acum ai putere<br \/>\nC\u0103ci peste negrul \u00eentuneric<br \/>\nA str\u0103lucit sublim, feeric,<br \/>\nCuv\u00e2ntul plin de m\u00e2ng\u00e2iere:<br \/>\nNimeni prin har nu mai piere,<br \/>\nCe-i smuls din la\u0163ul Luciferic!<\/p>\n<p>Dezleag\u0103-\u0163i lan\u0163ul de robie<br \/>\nPrin care firea p\u0103m\u00e2nteasc\u0103<br \/>\nSt\u0103ruie ca s\u0103 domneasc\u0103<br \/>\nZb\u0103t\u00e2ndu-se-n vremelnicie,<br \/>\nUmbrind a crucii bucurie<br \/>\nPrin Jertfa ei s\u0103 m\u00e2ntuiasc\u0103!<\/p>\n<p>Prin Duhul Sf\u00e2nt te \u00eent\u0103re\u015fte<br \/>\n\u00cen crunta noapte-a disper\u0103rii,<br \/>\nC\u0103ci pre\u0163ul r\u0103scump\u0103r\u0103rii<br \/>\nA fost pl\u0103tit Dumnezee\u015fte,<br \/>\nPentru c\u0103 Tat\u0103l Te iube\u015fte<br \/>\n\u015ei \u015ei-a dat Fiul, crucific\u0103rii!<\/p>\n<p>Flavius Laurian Duverna<br \/>\n20 septembrie 2012<\/p>\n","protected":false},"excerpt":{"rendered":"<p>Dezleag\u0103-\u0163i lan\u0163ul r\u0103ut\u0103\u0163ii! Dezleag\u0103-\u0163i lan\u0163ul r\u0103ut\u0103\u0163ii Cu care cel r\u0103u te-a \u00eencins \u015ei-n \u00eentregime te-a cuprins, O, \u00een detrimentul drept\u0103\u0163ii \u00cempotmolit\u0103-n pia\u0163a ob\u015ftii, De-at\u00e2ta r\u0103u ce s-a extins! S\u0103 \u015ftii c\u0103 de-acum ai putere C\u0103ci peste negrul \u00eentuneric A str\u0103lucit sublim, feeric, Cuv\u00e2ntul plin de m\u00e2ng\u00e2iere: Nimeni prin har nu mai piere, Ce-i smuls din [&hellip;]<\/p>\n","protected":false},"author":9,"featured_media":0,"comment_status":"open","ping_status":"closed","sticky":false,"template":"","format":"standard","meta":{"_monsterinsights_skip_tracking":false,"_monsterinsights_sitenote_active":false,"_monsterinsights_sitenote_note":"","_monsterinsights_sitenote_category":0,"footnotes":""},"categories":[134,127],"tags":[8,215,208,209,300,126],"class_list":["post-3677","post","type-post","status-publish","format-standard","hentry","category-generale","category-speranta","tag-bucurie","tag-duverna","tag-flavius","tag-laurian","tag-mangaiere","tag-poezie"],"_links":{"self":[{"href":"https:\/\/intercer.net\/blogs\/poeziisieditoriale\/wp-json\/wp\/v2\/posts\/3677","targetHints":{"allow":["GET"]}}],"collection":[{"href":"https:\/\/intercer.net\/blogs\/poeziisieditoriale\/wp-json\/wp\/v2\/posts"}],"about":[{"href":"https:\/\/intercer.net\/blogs\/poeziisieditoriale\/wp-json\/wp\/v2\/types\/post"}],"author":[{"embeddable":true,"href":"https:\/\/intercer.net\/blogs\/poeziisieditoriale\/wp-json\/wp\/v2\/users\/9"}],"replies":[{"embeddable":true,"href":"https:\/\/intercer.net\/blogs\/poeziisieditoriale\/wp-json\/wp\/v2\/comments?post=3677"}],"version-history":[{"count":1,"href":"https:\/\/intercer.net\/blogs\/poeziisieditoriale\/wp-json\/wp\/v2\/posts\/3677\/revisions"}],"predecessor-version":[{"id":3686,"href":"https:\/\/intercer.net\/blogs\/poeziisieditoriale\/wp-json\/wp\/v2\/posts\/3677\/revisions\/3686"}],"wp:attachment":[{"href":"https:\/\/intercer.net\/blogs\/poeziisieditoriale\/wp-json\/wp\/v2\/media?parent=3677"}],"wp:term":[{"taxonomy":"category","embeddable":true,"href":"https:\/\/intercer.net\/blogs\/poeziisieditoriale\/wp-json\/wp\/v2\/categories?post=3677"},{"taxonomy":"post_tag","embeddable":true,"href":"https:\/\/intercer.net\/blogs\/poeziisieditoriale\/wp-json\/wp\/v2\/tags?post=3677"}],"curies":[{"name":"wp","href":"https:\/\/api.w.org\/{rel}","templated":true}]}}