{"id":3679,"date":"2013-02-28T10:02:14","date_gmt":"2013-02-28T18:02:14","guid":{"rendered":"http:\/\/intercer.net\/blogs\/poeziisieditoriale\/?p=3679"},"modified":"2013-03-06T21:22:34","modified_gmt":"2013-03-07T05:22:34","slug":"de-as-putea-spre-cer-sa-zbor","status":"publish","type":"post","link":"https:\/\/intercer.net\/blogs\/poeziisieditoriale\/speranta\/de-as-putea-spre-cer-sa-zbor.html","title":{"rendered":"De a\u015f putea spre cer s\u0103 zbor"},"content":{"rendered":"<p>De a\u015f putea spre cer s\u0103 zbor<\/p>\n<p>De a\u015f putea spre cer s\u0103 zbor,<br \/>\nA\u015f zbura-n sus, \u015fi tot mai sus<br \/>\nS\u0103 pot s-ajung l-al meu Isus,<br \/>\nCel ce mi-a fost Izb\u0103vitor<br \/>\nPrin s\u00e2ngele-I sf\u00e2nt Salvator<br \/>\n\u015ei m\u00e2ntuirea mi-a adus.<\/p>\n<p>De a\u015f putea spre cer s\u0103 zbor<br \/>\nSpre \u00een\u0103l\u0163imi u\u015for m-a\u015f duce<br \/>\nCu inima \u00een c\u00e2ntec dulce,<br \/>\nS\u0103 trec prin plasma norilor<br \/>\nPurtat de-al \u00eent\u00e2lnirii dor,<br \/>\nCu Cel ce-a suferit pe cruce.<\/p>\n<p>De a\u015f putea spre cer s\u0103 zbor<br \/>\nPrin spa\u0163ii pline de minuni,<br \/>\nRoade-ale Marii-N\u0163elepciuni<br \/>\nA Dumnezeului cel Creator,<br \/>\nLe-a\u015f contempla, \u015fi uimitor<br \/>\n\u2019N\u0103l\u0163a-voi g\u00e2ndu-n rug\u0103ciuni.<\/p>\n<p>Pentru minuni ne mai v\u0103zute<br \/>\nCe Dumnezeu le-a preg\u0103tit,<br \/>\nPentru acel ce-i m\u00e2ntuit<br \/>\n\u015ei care acum nu sunt \u015ftiute,<br \/>\nC\u00e2nd ele vor fi cunoscute<br \/>\n\u00cel voi m\u0103ri-n veci c\u0103 le-a zidit.<\/p>\n<p>Flavius Laurian Duverna<br \/>\n23 septembrie 2012<\/p>\n","protected":false},"excerpt":{"rendered":"<p>De a\u015f putea spre cer s\u0103 zbor De a\u015f putea spre cer s\u0103 zbor, A\u015f zbura-n sus, \u015fi tot mai sus S\u0103 pot s-ajung l-al meu Isus, Cel ce mi-a fost Izb\u0103vitor Prin s\u00e2ngele-I sf\u00e2nt Salvator \u015ei m\u00e2ntuirea mi-a adus. De a\u015f putea spre cer s\u0103 zbor Spre \u00een\u0103l\u0163imi u\u015for m-a\u015f duce Cu inima \u00een [&hellip;]<\/p>\n","protected":false},"author":9,"featured_media":0,"comment_status":"open","ping_status":"closed","sticky":false,"template":"","format":"standard","meta":{"_monsterinsights_skip_tracking":false,"_monsterinsights_sitenote_active":false,"_monsterinsights_sitenote_note":"","_monsterinsights_sitenote_category":0,"footnotes":""},"categories":[134,127],"tags":[290,215,208,133,209,126],"class_list":["post-3679","post","type-post","status-publish","format-standard","hentry","category-generale","category-speranta","tag-cruce","tag-duverna","tag-flavius","tag-isus","tag-laurian","tag-poezie"],"_links":{"self":[{"href":"https:\/\/intercer.net\/blogs\/poeziisieditoriale\/wp-json\/wp\/v2\/posts\/3679","targetHints":{"allow":["GET"]}}],"collection":[{"href":"https:\/\/intercer.net\/blogs\/poeziisieditoriale\/wp-json\/wp\/v2\/posts"}],"about":[{"href":"https:\/\/intercer.net\/blogs\/poeziisieditoriale\/wp-json\/wp\/v2\/types\/post"}],"author":[{"embeddable":true,"href":"https:\/\/intercer.net\/blogs\/poeziisieditoriale\/wp-json\/wp\/v2\/users\/9"}],"replies":[{"embeddable":true,"href":"https:\/\/intercer.net\/blogs\/poeziisieditoriale\/wp-json\/wp\/v2\/comments?post=3679"}],"version-history":[{"count":2,"href":"https:\/\/intercer.net\/blogs\/poeziisieditoriale\/wp-json\/wp\/v2\/posts\/3679\/revisions"}],"predecessor-version":[{"id":3690,"href":"https:\/\/intercer.net\/blogs\/poeziisieditoriale\/wp-json\/wp\/v2\/posts\/3679\/revisions\/3690"}],"wp:attachment":[{"href":"https:\/\/intercer.net\/blogs\/poeziisieditoriale\/wp-json\/wp\/v2\/media?parent=3679"}],"wp:term":[{"taxonomy":"category","embeddable":true,"href":"https:\/\/intercer.net\/blogs\/poeziisieditoriale\/wp-json\/wp\/v2\/categories?post=3679"},{"taxonomy":"post_tag","embeddable":true,"href":"https:\/\/intercer.net\/blogs\/poeziisieditoriale\/wp-json\/wp\/v2\/tags?post=3679"}],"curies":[{"name":"wp","href":"https:\/\/api.w.org\/{rel}","templated":true}]}}