{"id":3757,"date":"2013-06-13T02:25:45","date_gmt":"2013-06-13T09:25:45","guid":{"rendered":"http:\/\/intercer.net\/blogs\/poeziisieditoriale\/?p=3757"},"modified":"2013-06-19T08:33:47","modified_gmt":"2013-06-19T15:33:47","slug":"judecata-ta-cea-dreapta","status":"publish","type":"post","link":"https:\/\/intercer.net\/blogs\/poeziisieditoriale\/speranta\/judecata-ta-cea-dreapta.html","title":{"rendered":"Judecata Ta cea dreapt\u0103!"},"content":{"rendered":"<p>Judecata Ta cea dreapt\u0103<\/p>\n<p>Judecata Ta cea dreapt\u0103<br \/>\nDoamne c\u00e2nd se va sf\u00e2r\u015fi<br \/>\nSus pe nori vei reveni,<br \/>\nLa copiii T\u0103i ce-a\u015fteapt\u0103<br \/>\nS\u0103 le-aduci a Ta r\u0103splat\u0103,<br \/>\n\u015ei la ceruri, spre a-i r\u0103pi.<\/p>\n<p>O! Ei atunci, cu bucurie<br \/>\n\u00ce\u015fi vor vedea \u00eemplinit\u0103<br \/>\nDorin\u0163a-n suflet nutrit\u0103,<br \/>\nPentru-a intra-n ve\u015fnicie<br \/>\nPrin c\u00e2nt\u0103ri de veselie<br \/>\nPentru slava-\u0162i preg\u0103tit\u0103!<\/p>\n<p>\u00cen drumul spre Paradis<br \/>\nDe cel r\u0103u fiind prigoni\u0163i,<br \/>\nDe \u00eengeri vor fi-nso\u0163i\u0163i,<br \/>\nC\u0103-n cerc\u0103ri nu s-au dezis<br \/>\nDe Cuv\u00e2ntul ce-a fost scris,<br \/>\n\u015ei-n imnuri vor fi primi\u0163i.<\/p>\n<p>\u015ei cu puteri noi, \u00eent\u0103ri\u0163i<br \/>\nPentru-ale lor str\u0103duin\u0163e<br \/>\nPrivind spre f\u0103g\u0103duin\u0163e,<br \/>\nVor fi prin har r\u0103spl\u0103ti\u0163i<br \/>\nPrin s\u00e2nge sf\u00e2nt m\u00e2ntui\u0163i<br \/>\n\u015ei vor cre\u015fte-n cuno\u015ftin\u0163e.<\/p>\n<p>Flavius Laurian Duverna<br \/>\n14 octombrie 2012<\/p>\n","protected":false},"excerpt":{"rendered":"<p>Judecata Ta cea dreapt\u0103 Judecata Ta cea dreapt\u0103 Doamne c\u00e2nd se va sf\u00e2r\u015fi Sus pe nori vei reveni, La copiii T\u0103i ce-a\u015fteapt\u0103 S\u0103 le-aduci a Ta r\u0103splat\u0103, \u015ei la ceruri, spre a-i r\u0103pi. O! Ei atunci, cu bucurie \u00ce\u015fi vor vedea \u00eemplinit\u0103 Dorin\u0163a-n suflet nutrit\u0103, Pentru-a intra-n ve\u015fnicie Prin c\u00e2nt\u0103ri de veselie Pentru slava-\u0162i preg\u0103tit\u0103! [&hellip;]<\/p>\n","protected":false},"author":9,"featured_media":0,"comment_status":"open","ping_status":"closed","sticky":false,"template":"","format":"standard","meta":{"_monsterinsights_skip_tracking":false,"_monsterinsights_sitenote_active":false,"_monsterinsights_sitenote_note":"","_monsterinsights_sitenote_category":0,"footnotes":""},"categories":[134,127],"tags":[8,215,208,209,126,404],"class_list":["post-3757","post","type-post","status-publish","format-standard","hentry","category-generale","category-speranta","tag-bucurie","tag-duverna","tag-flavius","tag-laurian","tag-poezie","tag-vesnicie"],"_links":{"self":[{"href":"https:\/\/intercer.net\/blogs\/poeziisieditoriale\/wp-json\/wp\/v2\/posts\/3757","targetHints":{"allow":["GET"]}}],"collection":[{"href":"https:\/\/intercer.net\/blogs\/poeziisieditoriale\/wp-json\/wp\/v2\/posts"}],"about":[{"href":"https:\/\/intercer.net\/blogs\/poeziisieditoriale\/wp-json\/wp\/v2\/types\/post"}],"author":[{"embeddable":true,"href":"https:\/\/intercer.net\/blogs\/poeziisieditoriale\/wp-json\/wp\/v2\/users\/9"}],"replies":[{"embeddable":true,"href":"https:\/\/intercer.net\/blogs\/poeziisieditoriale\/wp-json\/wp\/v2\/comments?post=3757"}],"version-history":[{"count":2,"href":"https:\/\/intercer.net\/blogs\/poeziisieditoriale\/wp-json\/wp\/v2\/posts\/3757\/revisions"}],"predecessor-version":[{"id":3788,"href":"https:\/\/intercer.net\/blogs\/poeziisieditoriale\/wp-json\/wp\/v2\/posts\/3757\/revisions\/3788"}],"wp:attachment":[{"href":"https:\/\/intercer.net\/blogs\/poeziisieditoriale\/wp-json\/wp\/v2\/media?parent=3757"}],"wp:term":[{"taxonomy":"category","embeddable":true,"href":"https:\/\/intercer.net\/blogs\/poeziisieditoriale\/wp-json\/wp\/v2\/categories?post=3757"},{"taxonomy":"post_tag","embeddable":true,"href":"https:\/\/intercer.net\/blogs\/poeziisieditoriale\/wp-json\/wp\/v2\/tags?post=3757"}],"curies":[{"name":"wp","href":"https:\/\/api.w.org\/{rel}","templated":true}]}}