{"id":3775,"date":"2013-06-13T03:13:17","date_gmt":"2013-06-13T10:13:17","guid":{"rendered":"http:\/\/intercer.net\/blogs\/poeziisieditoriale\/?p=3775"},"modified":"2013-06-19T08:23:17","modified_gmt":"2013-06-19T15:23:17","slug":"nadejdea-mea","status":"publish","type":"post","link":"https:\/\/intercer.net\/blogs\/poeziisieditoriale\/generale\/nadejdea-mea.html","title":{"rendered":"N\u0103dejdea mea"},"content":{"rendered":"<p>N\u0103dejdea mea<\/p>\n<p>N\u0103dejde-mi e\u015fti P\u0103rinte bun<br \/>\n\u00cen orice timp \u015fi-mprejur\u0103ri,<br \/>\nC\u00e2nd peste mine vin cerc\u0103ri<br \/>\nAtunci e vremea ca s-adun<br \/>\n\u00cen suflet lauri \u015fi s\u0103-i pun,<br \/>\n\u00centr-o cunun\u0103-n desf\u0103t\u0103ri<br \/>\nCule\u015fi din grele str\u00e2mtor\u0103ri!<\/p>\n<p>N\u0103dejde-mi e\u015fti P\u0103rinte mare<br \/>\n\u00cen orice vreme c\u00e2nd credin\u0163a<br \/>\nLa prob\u0103-i pus\u0103 prin voin\u0163a<br \/>\nCea sf\u00e2nt\u0103, ca-n examinare,<br \/>\nS\u0103 dau dovad\u0103 de-ascultare<br \/>\nPrivind scumpa f\u0103g\u0103duin\u0163\u0103<br \/>\nC\u0103-n Tine, c\u00e2\u015ftig biruin\u0163\u0103!<\/p>\n<p>N\u0103dejde-mi e\u015fti P\u0103rinte Sfinte<br \/>\n\u015ei \u00een problemele-arz\u0103toare<br \/>\nLa Tine strig spre rezolvare,<br \/>\nC\u0103ci Tu e\u015fti bunul meu P\u0103rinte<br \/>\nCare mereu mi-aduci aminte,<br \/>\nDe Dragostea Ta iubitoare<br \/>\nCum Ea r\u0103spunde la chemare!<\/p>\n<p>\u015ei pentru sf\u00e2nta Ta purtare<br \/>\nDe grij\u0103 asupra vie\u0163ii mele,<br \/>\nC\u0103 m\u0103 salvezi din orice rele<br \/>\nTe laud Doamne prin c\u00e2ntare<br \/>\n\u2019Nchin\u00e2ndu-m\u0103 \u00een adorare,<br \/>\nC\u0103-n Dragostea-\u0162i salvatoare<br \/>\nAi luat asupra vina-mi mare!<\/p>\n<p>Flavius Laurian Duverna<br \/>\n17 octombrie 2012<\/p>\n","protected":false},"excerpt":{"rendered":"<p>N\u0103dejdea mea N\u0103dejde-mi e\u015fti P\u0103rinte bun \u00cen orice timp \u015fi-mprejur\u0103ri, C\u00e2nd peste mine vin cerc\u0103ri Atunci e vremea ca s-adun \u00cen suflet lauri \u015fi s\u0103-i pun, \u00centr-o cunun\u0103-n desf\u0103t\u0103ri Cule\u015fi din grele str\u00e2mtor\u0103ri! N\u0103dejde-mi e\u015fti P\u0103rinte mare \u00cen orice vreme c\u00e2nd credin\u0163a La prob\u0103-i pus\u0103 prin voin\u0163a Cea sf\u00e2nt\u0103, ca-n examinare, S\u0103 dau dovad\u0103 de-ascultare [&hellip;]<\/p>\n","protected":false},"author":9,"featured_media":0,"comment_status":"open","ping_status":"closed","sticky":false,"template":"","format":"standard","meta":{"_monsterinsights_skip_tracking":false,"_monsterinsights_sitenote_active":false,"_monsterinsights_sitenote_note":"","_monsterinsights_sitenote_category":0,"footnotes":""},"categories":[134],"tags":[347,7,215,208,209,126],"class_list":["post-3775","post","type-post","status-publish","format-standard","hentry","category-generale","tag-biruinta","tag-credinta","tag-duverna","tag-flavius","tag-laurian","tag-poezie"],"_links":{"self":[{"href":"https:\/\/intercer.net\/blogs\/poeziisieditoriale\/wp-json\/wp\/v2\/posts\/3775","targetHints":{"allow":["GET"]}}],"collection":[{"href":"https:\/\/intercer.net\/blogs\/poeziisieditoriale\/wp-json\/wp\/v2\/posts"}],"about":[{"href":"https:\/\/intercer.net\/blogs\/poeziisieditoriale\/wp-json\/wp\/v2\/types\/post"}],"author":[{"embeddable":true,"href":"https:\/\/intercer.net\/blogs\/poeziisieditoriale\/wp-json\/wp\/v2\/users\/9"}],"replies":[{"embeddable":true,"href":"https:\/\/intercer.net\/blogs\/poeziisieditoriale\/wp-json\/wp\/v2\/comments?post=3775"}],"version-history":[{"count":1,"href":"https:\/\/intercer.net\/blogs\/poeziisieditoriale\/wp-json\/wp\/v2\/posts\/3775\/revisions"}],"predecessor-version":[{"id":3785,"href":"https:\/\/intercer.net\/blogs\/poeziisieditoriale\/wp-json\/wp\/v2\/posts\/3775\/revisions\/3785"}],"wp:attachment":[{"href":"https:\/\/intercer.net\/blogs\/poeziisieditoriale\/wp-json\/wp\/v2\/media?parent=3775"}],"wp:term":[{"taxonomy":"category","embeddable":true,"href":"https:\/\/intercer.net\/blogs\/poeziisieditoriale\/wp-json\/wp\/v2\/categories?post=3775"},{"taxonomy":"post_tag","embeddable":true,"href":"https:\/\/intercer.net\/blogs\/poeziisieditoriale\/wp-json\/wp\/v2\/tags?post=3775"}],"curies":[{"name":"wp","href":"https:\/\/api.w.org\/{rel}","templated":true}]}}