{"id":3778,"date":"2013-06-13T03:38:15","date_gmt":"2013-06-13T10:38:15","guid":{"rendered":"http:\/\/intercer.net\/blogs\/poeziisieditoriale\/?p=3778"},"modified":"2013-06-19T08:12:38","modified_gmt":"2013-06-19T15:12:38","slug":"regatul-lui-hristos","status":"publish","type":"post","link":"https:\/\/intercer.net\/blogs\/poeziisieditoriale\/speranta\/regatul-lui-hristos.html","title":{"rendered":"Regatul Lui Hristos"},"content":{"rendered":"<p>Regatul Lui Hristos<\/p>\n<p>Regatul lui Hristos se-arat\u0103<br \/>\nV\u0103z\u00e2ndu-se \u00een lumea toat\u0103<br \/>\n\u00cen ce se-nt\u00e2mpl\u0103 pe p\u00e2m\u00e2nt<br \/>\n\u015ei-n lumea-ntreag\u0103 social\u0103,<br \/>\nCe ptretutindeni se r\u0103scoal\u0103,<br \/>\n\u015ei tot mai mult, \u00ee\u015fi ia av\u00e2nt.<\/p>\n<p>Grave mi\u015fc\u0103ri, prin anarhie<br \/>\nViz\u00e2nd o mare apostazie,<br \/>\nA lumii-ntregi dela dreptate<br \/>\nS-au \u00eenmul\u0163it \u015fi s-au extins,<br \/>\nP\u0103m\u00e2ntul tot de la cuprins<br \/>\nPrin corup\u0163ie \u015fi nedreptate.<\/p>\n<p>P\u0103m\u00e2ntu-i plin de violen\u0163\u0103!<br \/>\nS-a stins gestul de clemen\u0163\u0103,<br \/>\nNelegiuirile noian abund\u0103,<br \/>\nOrgiile sunt pe picior mare<br \/>\nFactor sinistru-n desf\u0103tare,<br \/>\nCre\u015fte-n t\u0103ria-i furibund\u0103.<\/p>\n<p>\u015ei-n semnele cele cere\u015fti<br \/>\nAgen\u0163i ai vie\u0163ii p\u0103m\u00e2nte\u015fti,<br \/>\nPrin cutremure \u015fi inunda\u0163ii<br \/>\n\u015ei prin furtuni \u015fi uragane,<br \/>\n\u015ei \u00een taifunuri \u015fi-n cicloane<br \/>\nPo\u0163i asista la conflagra\u0163ii.<\/p>\n<p>Toate acestea ne anun\u0163\u0103,<br \/>\nC\u0103 Dumnezeu nu renun\u0163\u0103<br \/>\nPrin ele lumea de-a trezi!&#8230;<br \/>\nCi El vrea s-o influien\u0163eze<br \/>\nS\u0103 se-ntoarc\u0103, s-o salveze,<br \/>\n\u015ei ve\u015fnicia, spre a-i d\u0103rui.<\/p>\n<p>\u00cen jertfa sf\u00e2nt\u0103, salvatoare<br \/>\nLa Golgota-n crucificare,<br \/>\nPrin al S\u0103u s\u00e2nge pre\u0163ios<br \/>\nV\u0103rsat la crucea r\u0103stignirii<br \/>\nPentru iertarea omenirii,<br \/>\nRegatul vrea s\u0103-\u015ei ia Hrisos!<\/p>\n<p>Flavius Laurian Duverna<br \/>\n20 octombrie 2012<\/p>\n","protected":false},"excerpt":{"rendered":"<p>Regatul Lui Hristos Regatul lui Hristos se-arat\u0103 V\u0103z\u00e2ndu-se \u00een lumea toat\u0103 \u00cen ce se-nt\u00e2mpl\u0103 pe p\u00e2m\u00e2nt \u015ei-n lumea-ntreag\u0103 social\u0103, Ce ptretutindeni se r\u0103scoal\u0103, \u015ei tot mai mult, \u00ee\u015fi ia av\u00e2nt. Grave mi\u015fc\u0103ri, prin anarhie Viz\u00e2nd o mare apostazie, A lumii-ntregi dela dreptate S-au \u00eenmul\u0163it \u015fi s-au extins, P\u0103m\u00e2ntul tot de la cuprins Prin corup\u0163ie \u015fi [&hellip;]<\/p>\n","protected":false},"author":9,"featured_media":0,"comment_status":"open","ping_status":"closed","sticky":false,"template":"","format":"standard","meta":{"_monsterinsights_skip_tracking":false,"_monsterinsights_sitenote_active":false,"_monsterinsights_sitenote_note":"","_monsterinsights_sitenote_category":0,"footnotes":""},"categories":[138,134,127],"tags":[43,215,208,420,209,126],"class_list":["post-3778","post","type-post","status-publish","format-standard","hentry","category-cronica-ideilor","category-generale","category-speranta","tag-dumnezeu","tag-duverna","tag-flavius","tag-hristos","tag-laurian","tag-poezie"],"_links":{"self":[{"href":"https:\/\/intercer.net\/blogs\/poeziisieditoriale\/wp-json\/wp\/v2\/posts\/3778","targetHints":{"allow":["GET"]}}],"collection":[{"href":"https:\/\/intercer.net\/blogs\/poeziisieditoriale\/wp-json\/wp\/v2\/posts"}],"about":[{"href":"https:\/\/intercer.net\/blogs\/poeziisieditoriale\/wp-json\/wp\/v2\/types\/post"}],"author":[{"embeddable":true,"href":"https:\/\/intercer.net\/blogs\/poeziisieditoriale\/wp-json\/wp\/v2\/users\/9"}],"replies":[{"embeddable":true,"href":"https:\/\/intercer.net\/blogs\/poeziisieditoriale\/wp-json\/wp\/v2\/comments?post=3778"}],"version-history":[{"count":1,"href":"https:\/\/intercer.net\/blogs\/poeziisieditoriale\/wp-json\/wp\/v2\/posts\/3778\/revisions"}],"predecessor-version":[{"id":3782,"href":"https:\/\/intercer.net\/blogs\/poeziisieditoriale\/wp-json\/wp\/v2\/posts\/3778\/revisions\/3782"}],"wp:attachment":[{"href":"https:\/\/intercer.net\/blogs\/poeziisieditoriale\/wp-json\/wp\/v2\/media?parent=3778"}],"wp:term":[{"taxonomy":"category","embeddable":true,"href":"https:\/\/intercer.net\/blogs\/poeziisieditoriale\/wp-json\/wp\/v2\/categories?post=3778"},{"taxonomy":"post_tag","embeddable":true,"href":"https:\/\/intercer.net\/blogs\/poeziisieditoriale\/wp-json\/wp\/v2\/tags?post=3778"}],"curies":[{"name":"wp","href":"https:\/\/api.w.org\/{rel}","templated":true}]}}