{"id":3794,"date":"2013-06-25T11:48:44","date_gmt":"2013-06-25T18:48:44","guid":{"rendered":"http:\/\/intercer.net\/blogs\/poeziisieditoriale\/?p=3794"},"modified":"2013-07-04T02:56:40","modified_gmt":"2013-07-04T09:56:40","slug":"uimirea-doamne-va-cuprinde","status":"publish","type":"post","link":"https:\/\/intercer.net\/blogs\/poeziisieditoriale\/speranta\/uimirea-doamne-va-cuprinde.html","title":{"rendered":"Uimirea Doamne va cuprinde"},"content":{"rendered":"<p>Uimirea Doamne va cuprinde<\/p>\n<p>Uimirea Doamne va cuprinde<br \/>\nPe orice om de pe p\u0103m\u00e2nt<br \/>\nC\u00e2nd vei veni din cerul sf\u00e2nt,<br \/>\n\u015ei a Ta slav\u0103-i va surprinde<br \/>\nPe to\u0163i acei \u00eempotrivitori,<br \/>\nCe-au fost ruga\u0163i de-at\u00e2tea ori<br \/>\nSpre Tine bra\u0163ele de-a-ntinde!<\/p>\n<p>C\u0103ci to\u0163i acei, ce n-au crezut<br \/>\nC-ai s\u0103 mai vii a doua oar\u0103,<br \/>\nDe slava Ta, to\u0163i au s\u0103 piar\u0103,<br \/>\nC\u0103ci la chemarea-\u0162i nu au vrut<br \/>\nCa ei s\u0103 asculte \u015fi s\u0103 vin\u0103,<br \/>\nC\u00e2nd via\u0163a-\u0162i sf\u00e2nt\u0103 \u015fi divin\u0103<br \/>\nLor, s-a f\u0103cut de cunoscut!<\/p>\n<p>Prin servii sfin\u0163i, a r\u0103sunat<br \/>\nChemarea peste tot p\u0103m\u00e2ntul<br \/>\nVestindu-le la to\u0163i Cuv\u00e2ntul,<br \/>\nC\u0103 timpu-acum s-a apropiat<br \/>\nS\u0103 vin\u0103 scumpa \u00cemp\u0103r\u0103\u0163ie,<br \/>\nS\u0103-\u0162i duci copiii-n ve\u015fnicie<br \/>\nPe-un nou p\u0103m\u00e2nt ce-o fi creat.<\/p>\n<p>\u015ei-atunci, Doamne, \u00een bucuria<br \/>\nAcelei vie\u0163i, f\u0103r\u0103 sf\u00e2r\u015fit&#8230;<br \/>\nVom \u015fti cu to\u0163i, c\u00e2t ne-ai iubit<br \/>\nDe-a mo\u015fteni \u00cemp\u0103r\u0103\u0163ia&#8230;<br \/>\nDe-a \u015fti c\u00e2t pacea Te-a costat<br \/>\nPrin Fiul T\u0103u, care L-ai dat,<br \/>\nS\u0103-nving\u0103-n jertfa-I, tirania!<\/p>\n<p>Flavius Laurian Duverna<\/p>\n","protected":false},"excerpt":{"rendered":"<p>Uimirea Doamne va cuprinde Uimirea Doamne va cuprinde Pe orice om de pe p\u0103m\u00e2nt C\u00e2nd vei veni din cerul sf\u00e2nt, \u015ei a Ta slav\u0103-i va surprinde Pe to\u0163i acei \u00eempotrivitori, Ce-au fost ruga\u0163i de-at\u00e2tea ori Spre Tine bra\u0163ele de-a-ntinde! C\u0103ci to\u0163i acei, ce n-au crezut C-ai s\u0103 mai vii a doua oar\u0103, De slava Ta, [&hellip;]<\/p>\n","protected":false},"author":9,"featured_media":0,"comment_status":"open","ping_status":"closed","sticky":false,"template":"","format":"standard","meta":{"_monsterinsights_skip_tracking":false,"_monsterinsights_sitenote_active":false,"_monsterinsights_sitenote_note":"","_monsterinsights_sitenote_category":0,"footnotes":""},"categories":[134,127],"tags":[215,208,209,226,126,404],"class_list":["post-3794","post","type-post","status-publish","format-standard","hentry","category-generale","category-speranta","tag-duverna","tag-flavius","tag-laurian","tag-pamant","tag-poezie","tag-vesnicie"],"_links":{"self":[{"href":"https:\/\/intercer.net\/blogs\/poeziisieditoriale\/wp-json\/wp\/v2\/posts\/3794","targetHints":{"allow":["GET"]}}],"collection":[{"href":"https:\/\/intercer.net\/blogs\/poeziisieditoriale\/wp-json\/wp\/v2\/posts"}],"about":[{"href":"https:\/\/intercer.net\/blogs\/poeziisieditoriale\/wp-json\/wp\/v2\/types\/post"}],"author":[{"embeddable":true,"href":"https:\/\/intercer.net\/blogs\/poeziisieditoriale\/wp-json\/wp\/v2\/users\/9"}],"replies":[{"embeddable":true,"href":"https:\/\/intercer.net\/blogs\/poeziisieditoriale\/wp-json\/wp\/v2\/comments?post=3794"}],"version-history":[{"count":1,"href":"https:\/\/intercer.net\/blogs\/poeziisieditoriale\/wp-json\/wp\/v2\/posts\/3794\/revisions"}],"predecessor-version":[{"id":3805,"href":"https:\/\/intercer.net\/blogs\/poeziisieditoriale\/wp-json\/wp\/v2\/posts\/3794\/revisions\/3805"}],"wp:attachment":[{"href":"https:\/\/intercer.net\/blogs\/poeziisieditoriale\/wp-json\/wp\/v2\/media?parent=3794"}],"wp:term":[{"taxonomy":"category","embeddable":true,"href":"https:\/\/intercer.net\/blogs\/poeziisieditoriale\/wp-json\/wp\/v2\/categories?post=3794"},{"taxonomy":"post_tag","embeddable":true,"href":"https:\/\/intercer.net\/blogs\/poeziisieditoriale\/wp-json\/wp\/v2\/tags?post=3794"}],"curies":[{"name":"wp","href":"https:\/\/api.w.org\/{rel}","templated":true}]}}