{"id":3795,"date":"2013-06-25T11:50:17","date_gmt":"2013-06-25T18:50:17","guid":{"rendered":"http:\/\/intercer.net\/blogs\/poeziisieditoriale\/?p=3795"},"modified":"2013-07-04T02:53:50","modified_gmt":"2013-07-04T09:53:50","slug":"vom-ajunge-doamne-odata","status":"publish","type":"post","link":"https:\/\/intercer.net\/blogs\/poeziisieditoriale\/speranta\/vom-ajunge-doamne-odata.html","title":{"rendered":"Vom ajunge Doamne-odat\u0103!"},"content":{"rendered":"<p>Vom ajunge Doamne-odat\u0103!<\/p>\n<p>Vom ajunge Doamne-odat\u0103<br \/>\nSus, \u00een cetatea cea de aur<br \/>\nCu cel mai sublim tezaur,<br \/>\n\u00cen splendoare \u00eembr\u0103cat\u0103<br \/>\n\u2019N pietre scumpe d\u0103ltuit\u0103,<br \/>\nPentru-ai T\u0103i copii zidit\u0103!<\/p>\n<p>O!!! \u015ei atunci, \u00een bucurie<br \/>\nVom da slav\u0103 \u015fi-nchinare<br \/>\nPentru-a Ta iubire mare,<br \/>\nCe-o \u00eentreag\u0103 ve\u015fnicie,<br \/>\nCercet\u00e2nd, ne-o fi \u015ftiin\u0163a<br \/>\nSpre-a ne-m\u0103ri cuno\u015ftin\u0163a.<\/p>\n<p>Marea Jertf\u0103 din Calvar<br \/>\nVa fi tema cea \u00eenv\u0103\u0163at\u0103,<br \/>\nSubiectul ce ne-arat\u0103<br \/>\nCum a izvor\u00e2t din har,<br \/>\nIubirea cea mai curat\u0103,<br \/>\nPentru-o lume vinovat\u0103.<\/p>\n<p>\u015ei n-om obosi nicic\u00e2nd<br \/>\nPrin minuni multe aflate<br \/>\nDin mistere dezlegate,<br \/>\nVeacuri \u00eentregi cercet\u00e2nd<br \/>\nC\u00e2t de mare-a fost Iubirea<br \/>\nCe ne-a adus m\u00e2ntuirea.<\/p>\n<p>Flavius Laurian Duverna<br \/>\n26 octombrie 2012<\/p>\n","protected":false},"excerpt":{"rendered":"<p>Vom ajunge Doamne-odat\u0103! Vom ajunge Doamne-odat\u0103 Sus, \u00een cetatea cea de aur Cu cel mai sublim tezaur, \u00cen splendoare \u00eembr\u0103cat\u0103 \u2019N pietre scumpe d\u0103ltuit\u0103, Pentru-ai T\u0103i copii zidit\u0103! O!!! \u015ei atunci, \u00een bucurie Vom da slav\u0103 \u015fi-nchinare Pentru-a Ta iubire mare, Ce-o \u00eentreag\u0103 ve\u015fnicie, Cercet\u00e2nd, ne-o fi \u015ftiin\u0163a Spre-a ne-m\u0103ri cuno\u015ftin\u0163a. Marea Jertf\u0103 din Calvar [&hellip;]<\/p>\n","protected":false},"author":9,"featured_media":0,"comment_status":"open","ping_status":"closed","sticky":false,"template":"","format":"standard","meta":{"_monsterinsights_skip_tracking":false,"_monsterinsights_sitenote_active":false,"_monsterinsights_sitenote_note":"","_monsterinsights_sitenote_category":0,"footnotes":""},"categories":[134,127],"tags":[8,224,215,208,209,126],"class_list":["post-3795","post","type-post","status-publish","format-standard","hentry","category-generale","category-speranta","tag-bucurie","tag-calvar","tag-duverna","tag-flavius","tag-laurian","tag-poezie"],"_links":{"self":[{"href":"https:\/\/intercer.net\/blogs\/poeziisieditoriale\/wp-json\/wp\/v2\/posts\/3795","targetHints":{"allow":["GET"]}}],"collection":[{"href":"https:\/\/intercer.net\/blogs\/poeziisieditoriale\/wp-json\/wp\/v2\/posts"}],"about":[{"href":"https:\/\/intercer.net\/blogs\/poeziisieditoriale\/wp-json\/wp\/v2\/types\/post"}],"author":[{"embeddable":true,"href":"https:\/\/intercer.net\/blogs\/poeziisieditoriale\/wp-json\/wp\/v2\/users\/9"}],"replies":[{"embeddable":true,"href":"https:\/\/intercer.net\/blogs\/poeziisieditoriale\/wp-json\/wp\/v2\/comments?post=3795"}],"version-history":[{"count":1,"href":"https:\/\/intercer.net\/blogs\/poeziisieditoriale\/wp-json\/wp\/v2\/posts\/3795\/revisions"}],"predecessor-version":[{"id":3804,"href":"https:\/\/intercer.net\/blogs\/poeziisieditoriale\/wp-json\/wp\/v2\/posts\/3795\/revisions\/3804"}],"wp:attachment":[{"href":"https:\/\/intercer.net\/blogs\/poeziisieditoriale\/wp-json\/wp\/v2\/media?parent=3795"}],"wp:term":[{"taxonomy":"category","embeddable":true,"href":"https:\/\/intercer.net\/blogs\/poeziisieditoriale\/wp-json\/wp\/v2\/categories?post=3795"},{"taxonomy":"post_tag","embeddable":true,"href":"https:\/\/intercer.net\/blogs\/poeziisieditoriale\/wp-json\/wp\/v2\/tags?post=3795"}],"curies":[{"name":"wp","href":"https:\/\/api.w.org\/{rel}","templated":true}]}}